[{"@context":"https:\/\/schema.org\/","@type":"Article","@id":"https:\/\/www.febski.cz\/skrcene-a-tvrde-pradlo-nemusite-mit-navzdycky\/#Article","mainEntityOfPage":"https:\/\/www.febski.cz\/skrcene-a-tvrde-pradlo-nemusite-mit-navzdycky\/","headline":"Skr\u010den\u00e9 a tvrd\u00e9 pr\u00e1dlo nemus\u00edte m\u00edt nav\u017edycky","name":"Skr\u010den\u00e9 a tvrd\u00e9 pr\u00e1dlo nemus\u00edte m\u00edt nav\u017edycky","description":"St\u00e1v\u00e1 se v\u00e1m, \u017ee je va\u0161e pr\u00e1dlo po vypr\u00e1n\u00ed tvrd\u00e9, skr\u010den\u00e9 a takov\u00e9 sv\u00fdm zp\u016fsobem neforemn\u00e9? Pak mo\u017en\u00e1 d\u011bl\u00e1te p\u0159i pran\u00ed n\u011bjakou chybu anebo s\u00a0velkou pravd\u011bpodobnost\u00ed nepou\u017e\u00edv\u00e1te aviv\u00e1\u017e. Tyto skv\u011bl\u00e9 p\u0159\u00edpravky, jak\u00fdmi jsou nap\u0159\u00edklad aviv\u00e1\u017ee z\u00a0N\u011bmecka, dok\u00e1\u017e\u00ed prom\u011bnit va\u0161e pr\u00e1dlo k\u00a0nepozn\u00e1n\u00ed tak, \u017ee se v\u00a0nich budete doslova c\u00edtit jako v\u00a0bavlnce. Rozd\u00edl jist\u011b pozn\u00e1te ihned po [&hellip;]","datePublished":"2024-11-06","dateModified":"2024-11-06","author":{"@type":"Person","@id":"https:\/\/www.febski.cz\/author\/#Person","name":"","url":"https:\/\/www.febski.cz\/author\/","identifier":1,"image":{"@type":"ImageObject","@id":"https:\/\/secure.gravatar.com\/avatar\/9bbe1b3bd68cf5b616cc697a459b86e3be4df6c120806baf939f8aad94b0a3d6?s=96&d=mm&r=g","url":"https:\/\/secure.gravatar.com\/avatar\/9bbe1b3bd68cf5b616cc697a459b86e3be4df6c120806baf939f8aad94b0a3d6?s=96&d=mm&r=g","height":96,"width":96}},"publisher":{"@type":"Organization","name":"febski.cz","logo":{"@type":"ImageObject","@id":"\/logo.png","url":"\/logo.png","width":600,"height":60}},"url":"https:\/\/www.febski.cz\/skrcene-a-tvrde-pradlo-nemusite-mit-navzdycky\/","wordCount":261,"articleBody":"\tSt\u00e1v\u00e1 se v\u00e1m, \u017ee je va\u0161e pr\u00e1dlo po vypr\u00e1n\u00ed tvrd\u00e9, skr\u010den\u00e9 a takov\u00e9 sv\u00fdm zp\u016fsobem neforemn\u00e9? Pak mo\u017en\u00e1 d\u011bl\u00e1te p\u0159i pran\u00ed n\u011bjakou chybu anebo s\u00a0velkou pravd\u011bpodobnost\u00ed nepou\u017e\u00edv\u00e1te aviv\u00e1\u017e. Tyto skv\u011bl\u00e9 p\u0159\u00edpravky, jak\u00fdmi jsou nap\u0159\u00edklad aviv\u00e1\u017ee z\u00a0N\u011bmecka, dok\u00e1\u017e\u00ed prom\u011bnit va\u0161e pr\u00e1dlo k\u00a0nepozn\u00e1n\u00ed tak, \u017ee se v\u00a0nich budete doslova c\u00edtit jako v\u00a0bavlnce. Rozd\u00edl jist\u011b pozn\u00e1te ihned po prvn\u00edm vypr\u00e1n\u00ed na omak i \u010dichem. Vybrat si toti\u017e m\u016f\u017eete hned z\u00a0n\u011bkolika osv\u011bd\u010den\u00fdch p\u0159\u00edjemn\u00fdch v\u016fn\u00ed, kter\u00e9 va\u0161emu pr\u00e1dlu z\u016fstanou nejen den \u010di dva po vypr\u00e1n\u00ed, ale dokonce a\u017e osm t\u00fddn\u016f! A to je opravdu n\u011bco.\tSta\u010d\u00ed na pran\u00ed zvolit ten spr\u00e1vn\u00fd p\u0159\u00edpravekA pokud snad je\u0161t\u011b v\u00e1h\u00e1te, zda se v\u00e1m vyplat\u00ed zaplatit t\u011bch p\u00e1r korun nav\u00edc, co\u017e nen\u00ed \u0159e\u010deno s\u00a0\u017e\u00e1dnou nads\u00e1zkou, nebo\u0165 se jedn\u00e1 o v\u00fdrobky za skute\u010dn\u011b v\u00fdhodnou cenu, tak to jednou vyzkou\u0161ejte a pot\u00e9 se zeptejte sv\u00e9 rodiny, co \u0159\u00edkaj\u00ed na ten rozd\u00edl. A m\u016f\u017eete si b\u00fdt jisti t\u00edm, \u017ee od t\u00e9 chv\u00edle u\u017e nebudou cht\u00edt nic jin\u00e9ho, ne\u017e aby jejich oble\u010den\u00ed bylo i nad\u00e1le tak m\u011bkou\u010dk\u00e9 a na\u010dechran\u00e9 jako samotn\u00e9 prachov\u00e9 pe\u0159\u00ed, a p\u0159itom nav\u00edc tak kr\u00e1sn\u011b vo\u0148av\u00e9.                                                                                                                                                                                                                                                                                                                                                                                        4.5\/5 - (4 votes)        "},{"@context":"https:\/\/schema.org\/","@type":"BreadcrumbList","itemListElement":[{"@type":"ListItem","position":1,"name":"Skr\u010den\u00e9 a tvrd\u00e9 pr\u00e1dlo nemus\u00edte m\u00edt nav\u017edycky","item":"https:\/\/www.febski.cz\/skrcene-a-tvrde-pradlo-nemusite-mit-navzdycky\/#breadcrumbitem"}]}]