[{"@context":"https:\/\/schema.org\/","@type":"Article","@id":"https:\/\/www.febski.cz\/sedacka-vhodna-nejen-do-maleho-bytu\/#Article","mainEntityOfPage":"https:\/\/www.febski.cz\/sedacka-vhodna-nejen-do-maleho-bytu\/","headline":"Seda\u010dka vhodn\u00e1 nejen do mal\u00e9ho bytu","name":"Seda\u010dka vhodn\u00e1 nejen do mal\u00e9ho bytu","description":"Man\u017eelsk\u00e9 postele jsou klasikou a m\u011bly by pat\u0159it mezi tradi\u010dn\u00ed vybaven\u00ed domova. Ne v\u017edy je v\u0161ak vhodn\u00e9 si tento typ postele po\u0159izovat. A to nejen z finan\u010dn\u00edch d\u016fvod\u016f, ale tak\u00e9 co se t\u00fd\u010de prostorov\u00fdch mo\u017enost\u00ed. N\u011bkter\u00e9 byty jsou prost\u011b p\u0159\u00edli\u0161 mal\u00e9 nebo maj\u00ed m\u00e1lo pokoj\u016f. V takov\u00fdch chv\u00edl\u00edch je d\u016fle\u017eit\u00e9 vyu\u017e\u00edt ka\u017ed\u00e9 voln\u00e9 m\u00edsto a [&hellip;]","datePublished":"2018-12-18","dateModified":"2023-05-02","author":{"@type":"Person","@id":"https:\/\/www.febski.cz\/author\/#Person","name":"","url":"https:\/\/www.febski.cz\/author\/","identifier":1,"image":{"@type":"ImageObject","@id":"https:\/\/secure.gravatar.com\/avatar\/9bbe1b3bd68cf5b616cc697a459b86e3be4df6c120806baf939f8aad94b0a3d6?s=96&d=mm&r=g","url":"https:\/\/secure.gravatar.com\/avatar\/9bbe1b3bd68cf5b616cc697a459b86e3be4df6c120806baf939f8aad94b0a3d6?s=96&d=mm&r=g","height":96,"width":96}},"publisher":{"@type":"Organization","name":"febski.cz","logo":{"@type":"ImageObject","@id":"\/logo.png","url":"\/logo.png","width":600,"height":60}},"image":{"@type":"ImageObject","@id":"https:\/\/www.febski.cz\/wp-content\/uploads\/img_a331963_w1899_t1544472913.png","url":"https:\/\/www.febski.cz\/wp-content\/uploads\/img_a331963_w1899_t1544472913.png","height":0,"width":0},"url":"https:\/\/www.febski.cz\/sedacka-vhodna-nejen-do-maleho-bytu\/","wordCount":406,"articleBody":"Man\u017eelsk\u00e9 postele jsou klasikou a m\u011bly by pat\u0159it mezi tradi\u010dn\u00ed vybaven\u00ed domova. Ne v\u017edy je v\u0161ak vhodn\u00e9 si tento typ postele po\u0159izovat. A to nejen z finan\u010dn\u00edch d\u016fvod\u016f, ale tak\u00e9 co se t\u00fd\u010de prostorov\u00fdch mo\u017enost\u00ed. N\u011bkter\u00e9 byty jsou prost\u011b p\u0159\u00edli\u0161 mal\u00e9 nebo maj\u00ed m\u00e1lo pokoj\u016f. V takov\u00fdch chv\u00edl\u00edch je d\u016fle\u017eit\u00e9 vyu\u017e\u00edt ka\u017ed\u00e9 voln\u00e9 m\u00edsto a man\u017eelsk\u00e1 postel je prost\u011b p\u0159\u00edli\u0161 velk\u00e1. Existuje v\u0161ak pom\u011brn\u011b elegantn\u00ed \u0159e\u0161en\u00ed ve form\u011b rozkl\u00e1dac\u00edch pohovek, kter\u00fdm nav\u00edc nechyb\u00ed ani dostate\u010dn\u011b velk\u00fd \u00falo\u017en\u00fd prostor.Jsou pohodln\u00e9Span\u00ed na pohovce bylo je\u0161t\u011b doned\u00e1vna no\u010dn\u00ed m\u016frou ka\u017ed\u00e9ho ortopeda. Gau\u010de se toti\u017e nevyzna\u010dovali p\u0159\u00edli\u0161nou pohodlnost\u00ed. Byly vhodn\u00e9 k sezen\u00ed, ale rozhodn\u011b ne k pravideln\u00e9mu span\u00ed. V dne\u0161n\u00ed dob\u011b si ale m\u016f\u017eete vybrat z cel\u00e9 \u0159adyrozkl\u00e1dac\u00edch pohovek, kter\u00e9 jsou nejen praktick\u00e9, ale rovn\u011b\u017e poskytuj\u00ed i dostate\u010dn\u00e9 pohodl\u00ed a oporu pro z\u00e1da. Je v\u0161ak nutn\u00e9 si trochu p\u0159iplatit. Po\u0159\u00e1d si toti\u017e m\u016f\u017eete koupit sice pom\u011brn\u011b levn\u00e9, ale ke sp\u00e1nk\u016f nep\u0159\u00edli\u0161 vhodn\u00e9 pohovky. P\u00e1r dn\u00ed to mo\u017en\u00e1 vydr\u017e\u00edte, ale b\u011bhem n\u011bkolika m\u011bs\u00edc\u016f se v\u00e1m mohou na nevhodn\u00e9m l\u016f\u017eku vytvo\u0159it r\u016fzn\u00e9 svalov\u00e9 dysbalance, co\u017e rozhodn\u011b nechcete. Pokud chcete sp\u00e1t na rozkl\u00e1dac\u00ed pohovce, po\u0159i\u010fte si kvalitn\u00ed. V opa\u010dn\u00e9m p\u0159\u00edpad\u011b si za\u010dn\u011bte zvykat na bolesti.Vhodn\u00e1 barvaP\u0159i v\u00fdb\u011bru byste se ale nem\u011bli zam\u011b\u0159ovat pouze na kvalitu, ale rovn\u011b\u017e byste m\u011bli br\u00e1t z\u0159etel i na vzhled. Seda\u010dka sice m\u016f\u017ee b\u00fdt velice komfortn\u00ed, ale pokud nebude po designov\u00e9 str\u00e1nce ladit s pokojem, ur\u010dit\u011b si ji p\u0159\u00edli\u0161 neu\u017eijete. Sladit byste m\u011bli tak\u00e9 barvy. Kupovat si k\u0159iklav\u011b \u017elutou nebo oran\u017eovou pohovku do tmav\u011b lad\u011bn\u00e9ho pokoje m\u016f\u017ee p\u016fsobit d\u00edky kontrastu zaj\u00edmav\u011b, ale mnohem l\u00e9pe je zvolit n\u00e1bytek, kter\u00fd bude sv\u00fdmi barvami mnohem v\u00edce odpov\u00eddat vzhledu pokoje. Pokud byste snad m\u011bli s t\u00edmto probl\u00e9my, v\u011bt\u0161ina prodejc\u016f nab\u00edz\u00ed bezplatn\u00e9 rady. Ur\u010dit\u011b se nebojte jich vyu\u017e\u00edt. Tratit na tom nebudete.                                                                                                                                                                                                                                                                                                                                                                                        4.2\/5 - (4 votes)        "},{"@context":"https:\/\/schema.org\/","@type":"BreadcrumbList","itemListElement":[{"@type":"ListItem","position":1,"name":"Seda\u010dka vhodn\u00e1 nejen do mal\u00e9ho bytu","item":"https:\/\/www.febski.cz\/sedacka-vhodna-nejen-do-maleho-bytu\/#breadcrumbitem"}]}]