[{"@context":"https:\/\/schema.org\/","@type":"Article","@id":"https:\/\/www.febski.cz\/s-ekonomikou-je-to-slozite\/#Article","mainEntityOfPage":"https:\/\/www.febski.cz\/s-ekonomikou-je-to-slozite\/","headline":"S ekonomikou je to slo\u017eit\u00e9","name":"S ekonomikou je to slo\u017eit\u00e9","description":"Ten, kdo by s\u00e1zel v ekonomice na setrval\u00fd r\u016fst, by na to d\u0159\u00edve \u010di pozd\u011bji doplatil a musel by sv\u016fj n\u00e1zor p\u0159ehodnotit, aby se nakonec t\u0159eba i nezruinoval. A plat\u00ed pochopiteln\u011b i opak, to znamen\u00e1, \u017ee by v tomto ohledu nem\u011bl b\u00fdt nikdo ani naprost\u00fdm skeptikem, proto\u017ee pak by se tento sice zklam\u00e1n\u00ed ne v\u017edy [&hellip;]","datePublished":"2022-03-06","dateModified":"2023-05-02","author":{"@type":"Person","@id":"https:\/\/www.febski.cz\/author\/#Person","name":"","url":"https:\/\/www.febski.cz\/author\/","identifier":1,"image":{"@type":"ImageObject","@id":"https:\/\/secure.gravatar.com\/avatar\/9bbe1b3bd68cf5b616cc697a459b86e3be4df6c120806baf939f8aad94b0a3d6?s=96&d=mm&r=g","url":"https:\/\/secure.gravatar.com\/avatar\/9bbe1b3bd68cf5b616cc697a459b86e3be4df6c120806baf939f8aad94b0a3d6?s=96&d=mm&r=g","height":96,"width":96}},"publisher":{"@type":"Organization","name":"febski.cz","logo":{"@type":"ImageObject","@id":"\/logo.png","url":"\/logo.png","width":600,"height":60}},"image":{"@type":"ImageObject","@id":"https:\/\/www.febski.cz\/wp-content\/uploads\/mince%20des%C3%ADtky_1.jpg","url":"https:\/\/www.febski.cz\/wp-content\/uploads\/mince%20des%C3%ADtky_1.jpg","height":0,"width":0},"url":"https:\/\/www.febski.cz\/s-ekonomikou-je-to-slozite\/","about":["Ekonomika"],"wordCount":429,"articleBody":"   Ten, kdo by s\u00e1zel v ekonomice na setrval\u00fd r\u016fst, by na to d\u0159\u00edve \u010di pozd\u011bji doplatil a musel by sv\u016fj n\u00e1zor p\u0159ehodnotit, aby se nakonec t\u0159eba i nezruinoval. A plat\u00ed pochopiteln\u011b i opak, to znamen\u00e1, \u017ee by v tomto ohledu nem\u011bl b\u00fdt nikdo ani naprost\u00fdm skeptikem, proto\u017ee pak by se tento sice zklam\u00e1n\u00ed ne v\u017edy do\u010dkal, ale p\u0159esto by se mu nevedlo v \u017eivot\u011b nijak \u00fa\u017easn\u011b.Ekonomika zkr\u00e1tka kol\u00eds\u00e1. A proto\u017ee by enormn\u00ed v\u00fdkyvy byly v\u011bt\u0161in\u011b lid\u00ed na \u0161kodu, proto\u017ee se ne ka\u017ed\u00fd vyzn\u00e1, ne ka\u017ed\u00fd dok\u00e1\u017ee p\u0159edv\u00eddat trendy v\u00fdvoje a vyd\u011bl\u00e1vat na tom, mus\u00ed se trh do ur\u010dit\u00e9 m\u00edry ovliv\u0148ovat sh\u016fry. A tak \u010cesk\u00e1 n\u00e1rodn\u00ed banka vystupuje jako org\u00e1n, kter\u00fd by m\u011bl lidi ochr\u00e1nit po ekonomick\u00e9 str\u00e1nce aspo\u0148 p\u0159ed t\u00edm nejhor\u0161\u00edm.Ov\u0161em ani takov\u00e1 n\u00e1rodn\u00ed banka nedok\u00e1\u017ee d\u011blat z\u00e1zraky. P\u0159e\u010dtete-li si ten pod v\u00fd\u0161e uveden\u00fdm odkazem se ukr\u00fdvaj\u00edc\u00ed \u010dl\u00e1nek, mo\u017en\u00e1 si je\u0161t\u011b vzpomenete na dobu, kdy to tam uv\u00e1d\u011bn\u00e9 bezezbytku platilo, jen\u017ee sou\u010dasn\u011b budete muset konstatovat, \u017ee je dne\u0161n\u00ed situace u\u017e docela jin\u00e1.Tenkr\u00e1t jsme na tom byli ekonomicky dob\u0159e, netr\u00e1pila n\u00e1s ani nezam\u011bstnanost, ani inflace, vyd\u011bl\u00e1vali jsme si \u010d\u00edm d\u00e1l v\u00edc a rostla tak na\u0161e \u017eivotn\u00ed \u00farove\u0148. Co\u017e bylo skv\u011bl\u00e9, a\u017e na to, \u017ee se to negativn\u011b podepisovalo na rostouc\u00edch cen\u00e1ch nemovitost\u00ed. Na hypot\u00e9ky dos\u00e1hl kdekdo, a tak se nemovitosti \u010dasto p\u0159epl\u00e1cely a jejich prodejci m\u011bli \u017en\u011b. A n\u00e1rodn\u00ed banka tak uva\u017eovala o doporu\u010den\u00edch, je\u017e by takov\u00fd boom na trhu nemovitost\u00ed ovlivnila \u017e\u00e1douc\u00edm zp\u016fsobem.Kde\u017eto co dnes? Dnes je v\u0161echno jinak. Ekonomika ch\u0159adne, inflace dosahuje rekordn\u00ed v\u00fd\u0161e, \u010d\u00edm\u017e jsou lid\u00e9 p\u0159ipravov\u00e1ni o re\u00e1lnou hodnotu jejich \u00faspor a p\u0159\u00edjm\u016f, na zvy\u0161ov\u00e1n\u00ed plat\u016f m\u016f\u017eeme zpravidla zapomenout. A tak m\u016f\u017eeme my lid\u00e9 \u010d\u00edm d\u00e1l m\u00ed\u0148 nakupovat. A z\u0159ejm\u011b to jedin\u00e9, co se n\u00e1m tu nezm\u011bnilo, jsou ty zpropaden\u00e9 ceny nemovitost\u00ed. Ty let\u00ed je\u0161t\u011b rychleji vzh\u016fru a nen\u00ed jasn\u00e9, zda a kdy se zastav\u00ed.A n\u00e1m nezb\u00fdv\u00e1 ne\u017e doufat, \u017ee se to \u010dasem zase obr\u00e1t\u00ed. Tak jako u\u017e tolikr\u00e1t v minulosti.                                                                                                                                                                                                                                                                                                                                                                                          4\/5 - (7 votes)        "},{"@context":"https:\/\/schema.org\/","@type":"BreadcrumbList","itemListElement":[{"@type":"ListItem","position":1,"name":"S ekonomikou je to slo\u017eit\u00e9","item":"https:\/\/www.febski.cz\/s-ekonomikou-je-to-slozite\/#breadcrumbitem"}]}]