[{"@context":"https:\/\/schema.org\/","@type":"Article","@id":"https:\/\/www.febski.cz\/rozjedte-to-na-plne-kolo\/#Article","mainEntityOfPage":"https:\/\/www.febski.cz\/rozjedte-to-na-plne-kolo\/","headline":"Rozje\u010fte to na pln\u00e9 kolo!","name":"Rozje\u010fte to na pln\u00e9 kolo!","description":"A\u0165 u\u017e p\u0159\u00edmo s bicyklem \u010di za pomoc\u00ed jin\u00e9ho sportovn\u00edho n\u00e1\u010din\u00ed a dopl\u0148k\u016f. S n\u00e1mi m\u00e1te mo\u017enost Va\u0161\u00ed snahu a aktivitu nav\u00edc obohatit o vhodn\u00e9 funk\u010dn\u00ed oble\u010den\u00ed, kter\u00e9 pro V\u00e1s zaji\u0161\u0165uje dlouholet\u00fd spolehliv\u00fd odborn\u00edk na danou oblast, zna\u010dka Silvini. Skv\u011bl\u00fd pomocn\u00edk p\u0159i snaze o pod\u00e1v\u00e1n\u00ed nejvy\u0161\u0161\u00edch mo\u017en\u00fdch v\u00fdkon\u016f i ochrana p\u0159ed okoln\u00edmi vlivy p\u016fsob\u00edc\u00edmi na [&hellip;]","datePublished":"2025-03-06","dateModified":"2025-03-06","author":{"@type":"Person","@id":"https:\/\/www.febski.cz\/author\/#Person","name":"","url":"https:\/\/www.febski.cz\/author\/","identifier":1,"image":{"@type":"ImageObject","@id":"https:\/\/secure.gravatar.com\/avatar\/9bbe1b3bd68cf5b616cc697a459b86e3be4df6c120806baf939f8aad94b0a3d6?s=96&d=mm&r=g","url":"https:\/\/secure.gravatar.com\/avatar\/9bbe1b3bd68cf5b616cc697a459b86e3be4df6c120806baf939f8aad94b0a3d6?s=96&d=mm&r=g","height":96,"width":96}},"publisher":{"@type":"Organization","name":"febski.cz","logo":{"@type":"ImageObject","@id":"\/logo.png","url":"\/logo.png","width":600,"height":60}},"url":"https:\/\/www.febski.cz\/rozjedte-to-na-plne-kolo\/","wordCount":185,"articleBody":"A\u0165 u\u017e p\u0159\u00edmo s bicyklem \u010di za pomoc\u00ed jin\u00e9ho sportovn\u00edho n\u00e1\u010din\u00ed a dopl\u0148k\u016f. S n\u00e1mi m\u00e1te mo\u017enost Va\u0161\u00ed snahu a aktivitu nav\u00edc obohatit o vhodn\u00e9 funk\u010dn\u00ed oble\u010den\u00ed, kter\u00e9 pro V\u00e1s zaji\u0161\u0165uje dlouholet\u00fd spolehliv\u00fd odborn\u00edk na danou oblast, zna\u010dka Silvini. Skv\u011bl\u00fd pomocn\u00edk p\u0159i snaze o pod\u00e1v\u00e1n\u00ed nejvy\u0161\u0161\u00edch mo\u017en\u00fdch v\u00fdkon\u016f i ochrana p\u0159ed okoln\u00edmi vlivy p\u016fsob\u00edc\u00edmi na V\u00e1\u0161 organismus. Nechte pr\u00e1ci a m\u011bsto za sebou V\u011bt\u0161ina z n\u00e1s \u017eije v hlu\u010dn\u00fdch, p\u0159epln\u011bn\u00fdch a \u010dasto i \u0161pinav\u00fdch m\u011bstsk\u00fdch \u010d\u00e1stech, a proto je d\u016fle\u017eit\u00e9 v\u011bnovat se ve voln\u00e9m \u010dase \u010dinnostem prob\u00edhaj\u00edc\u00edm ve zdrav\u011bj\u0161\u00edm a pozitivn\u011bji lad\u011bn\u00e9m prost\u0159ed\u00ed. Ide\u00e1ln\u011b v p\u0159\u00edrod\u011b, nebo minim\u00e1ln\u011b mimo oblast velk\u00fdch m\u011bstsk\u00fdch oblast\u00ed. Aby Va\u0161e cesty byly v\u017edy p\u0159\u00edjemnou vzpom\u00ednkou, obra\u0165te se pr\u00e1v\u011b na n\u00e1s.                                                                                                                                                                                                                                                                                                                                                                                        5\/5 - (1 vote)        "},{"@context":"https:\/\/schema.org\/","@type":"BreadcrumbList","itemListElement":[{"@type":"ListItem","position":1,"name":"Rozje\u010fte to na pln\u00e9 kolo!","item":"https:\/\/www.febski.cz\/rozjedte-to-na-plne-kolo\/#breadcrumbitem"}]}]