[{"@context":"https:\/\/schema.org\/","@type":"Article","@id":"https:\/\/www.febski.cz\/priroda-jako-lecitel\/#Article","mainEntityOfPage":"https:\/\/www.febski.cz\/priroda-jako-lecitel\/","headline":"P\u0159\u00edroda jako l\u00e9\u010ditel","name":"P\u0159\u00edroda jako l\u00e9\u010ditel","description":"V d\u0159\u00edv\u011bj\u0161\u00edch dob\u00e1ch b\u00fdvalo opravdu velmi \u010dast\u00e9, \u017ee se lid\u00e9 se sv\u00fdmi zdravotn\u00edmi pot\u00ed\u017eemi obraceli na \u017eeny, kter\u00fdm se p\u0159ezd\u00edvalo \u201eb\u00e1by ko\u0159en\u00e1\u0159ky\u201c. Jednalo se tedy o osoby, kter\u00e9 se velmi dob\u0159e vyznaly v tom, jak m\u016f\u017ee p\u0159\u00edroda pomoci lidsk\u00e9mu t\u011blu. Znaly ka\u017edou pot\u0159ebnou bylinku, kter\u00e1 by m\u011bla lidsk\u00e9mu t\u011blu ulevit. D\u0159\u00edve se tak tedy pou\u017e\u00edvala [&hellip;]","datePublished":"2020-01-13","dateModified":"2023-05-02","author":{"@type":"Person","@id":"https:\/\/www.febski.cz\/author\/#Person","name":"","url":"https:\/\/www.febski.cz\/author\/","identifier":1,"image":{"@type":"ImageObject","@id":"https:\/\/secure.gravatar.com\/avatar\/9bbe1b3bd68cf5b616cc697a459b86e3be4df6c120806baf939f8aad94b0a3d6?s=96&d=mm&r=g","url":"https:\/\/secure.gravatar.com\/avatar\/9bbe1b3bd68cf5b616cc697a459b86e3be4df6c120806baf939f8aad94b0a3d6?s=96&d=mm&r=g","height":96,"width":96}},"publisher":{"@type":"Organization","name":"febski.cz","logo":{"@type":"ImageObject","@id":"\/logo.png","url":"\/logo.png","width":600,"height":60}},"image":{"@type":"ImageObject","@id":"https:\/\/www.febski.cz\/wp-content\/uploads\/img_a378380_w2976_t1589540775.jpg","url":"https:\/\/www.febski.cz\/wp-content\/uploads\/img_a378380_w2976_t1589540775.jpg","height":0,"width":0},"url":"https:\/\/www.febski.cz\/priroda-jako-lecitel\/","about":["\u017divotn\u00ed styl"],"wordCount":428,"articleBody":"          V d\u0159\u00edv\u011bj\u0161\u00edch dob\u00e1ch b\u00fdvalo opravdu velmi \u010dast\u00e9, \u017ee se lid\u00e9 se sv\u00fdmi zdravotn\u00edmi pot\u00ed\u017eemi obraceli na \u017eeny, kter\u00fdm se p\u0159ezd\u00edvalo \u201eb\u00e1by ko\u0159en\u00e1\u0159ky\u201c. Jednalo se tedy o osoby, kter\u00e9 se velmi dob\u0159e vyznaly v tom, jak m\u016f\u017ee p\u0159\u00edroda pomoci lidsk\u00e9mu t\u011blu. Znaly ka\u017edou pot\u0159ebnou bylinku, kter\u00e1 by m\u011bla lidsk\u00e9mu t\u011blu ulevit. D\u0159\u00edve se tak tedy pou\u017e\u00edvala p\u0159\u00edrodn\u00ed l\u00e9\u010diva, ne\u017eli n\u011bjak\u00e9 um\u011ble vyroben\u00e9 l\u00e9ky, kter\u00e9 kolikr\u00e1t mohou sp\u00ed\u0161e u\u0161kodit. V r\u00e1mci modern\u00ed doby jsme si v\u0161ak velmi rychle zvykli na to, \u017ee pot\u0159ebujeme r\u016fzn\u00e9 farmaceutick\u00e9 v\u00fdrobky. Vypad\u00e1 to tak tedy, jako bychom zapomn\u011bli na to, co na\u0161i p\u0159edci u\u017e kdysi d\u00e1vno v\u011bd\u011bli, a hojn\u011b vyu\u017e\u00edvali. Mo\u017en\u00e1, \u017ee je to v\u0161echno zp\u016fsobeno rychlost\u00ed na\u0161\u00ed doby, av\u0161ak sp\u00ed\u0161e si mysl\u00edm, \u017ee je to cel\u00e9 jen a jen o n\u00e1s. Mo\u017en\u00e1, \u017ee jsme cht\u011bli zapomenout na to, co bylo, ale mo\u017en\u00e1, \u017ee jsme se tak\u00e9 nechali strhnout vlivem ostatn\u00edch. A\u0165 u\u017e je ten spr\u00e1vn\u00fd d\u016fvod jak\u00fdkoliv, m\u011bli bychom si kone\u010dn\u011b uv\u011bdomit, \u017ee v\u0161e, na co se p\u0159ijde v modern\u00ed dob\u011b, nemus\u00ed b\u00fdt absolutn\u011b zcela spr\u00e1vn\u00e9. M\u011bli bychom si kone\u010dn\u011b p\u0159iznat, \u017ee ur\u010dit\u00e9 v\u011bci zji\u0161t\u011bn\u00e9 d\u0159\u00edve, jsou jak vy\u0161it\u00e9 na dne\u0161n\u00ed dobu. Pokud jde o n\u011bjak\u00e9 to nachlazen\u00ed, tak si osobn\u011b mysl\u00edm, \u017ee je mnohem lep\u0161\u00ed pou\u017e\u00edt n\u011bjakou tu p\u0159\u00edrodn\u00ed l\u00e9\u010dbu, ne\u017e abychom zbyte\u010dn\u011b brali nap\u0159\u00edklad Paralen. Velmi skv\u011bl\u00fdm pomocn\u00edkem je tak tedy https:\/\/www.girltime.cz\/zdravi-z-prirody-zazvor\/, kde snadno dojdete k z\u00e1v\u011bru, \u017ee m\u00e9n\u011b je n\u011bkdy v\u00edce. Mo\u017en\u00e1, \u017ee pr\u00e1v\u011b d\u00edky tomu se nau\u010d\u00edte, \u017ee d\u016fv\u011b\u0159ovat p\u0159\u00edrod\u011b, se vyplat\u00ed! A jak\u00e9 \u017ee jsou hlavn\u00ed v\u00fdhody? Jedn\u00e1 se o n\u011bco, co nen\u00ed lidsk\u00e9mu t\u011blu \u0161kodliv\u00e9, tedy pokud \u010dlov\u011bk nem\u00e1 na ur\u010ditou slo\u017eku alergii. D\u00e1le jde ve sv\u00e9 podstat\u011b tak\u00e9 o n\u011bco, co je lehk\u00e9 sehnat, a tak lid\u00e9 z vesnice nemusej\u00ed zbyte\u010dn\u011b jezdit a\u017e do m\u011bsta. A v neposledn\u00ed \u0159ad\u011b se jedn\u00e1 o dlouhodob\u011b prov\u011b\u0159en\u00e1 l\u00e9\u010diva, kter\u00e1 tak tedy ka\u017ed\u00e9mu z n\u00e1s zaru\u010den\u011b pomohou!                                                                                                                                                                                                                                                                                                                                                                                          4.4\/5 - (8 votes)        "},{"@context":"https:\/\/schema.org\/","@type":"BreadcrumbList","itemListElement":[{"@type":"ListItem","position":1,"name":"P\u0159\u00edroda jako l\u00e9\u010ditel","item":"https:\/\/www.febski.cz\/priroda-jako-lecitel\/#breadcrumbitem"}]}]