[{"@context":"https:\/\/schema.org\/","@type":"Article","@id":"https:\/\/www.febski.cz\/prakticka-postel-90x200-s-uloznym-prostorem\/#Article","mainEntityOfPage":"https:\/\/www.febski.cz\/prakticka-postel-90x200-s-uloznym-prostorem\/","headline":"Praktick\u00e1 postel 90&#215;200 s \u00falo\u017en\u00fdm prostorem","name":"Praktick\u00e1 postel 90&#215;200 s \u00falo\u017en\u00fdm prostorem","description":"N\u011bkter\u00e9 druhy postel\u00ed zkr\u00e1tka a dob\u0159e vyu\u017eijete kdekoliv a to pr\u00e1v\u011b plat\u00ed pro postel o velikosti 90&#215;200 centimetr\u016f. Samoz\u0159ejm\u011b dlouh\u00e1 dva metry, tak\u017ee se na ni vysp\u00ed velice pohodln\u011b ka\u017ed\u00e1 mal\u00e1 sle\u010dna i dlouh\u00e1n t\u0159eba student. Tento typ je vhodn\u00fd tak\u00e9 do lo\u017enice, pokud si p\u0159ejete zakoupit odd\u011blen\u00e9 l\u016f\u017eko. N\u011bkte\u0159\u00ed lid\u00e9 rad\u011bji vol\u00ed dv\u011b odd\u011blen\u00e9 [&hellip;]","datePublished":"2020-09-16","dateModified":"2020-09-16","author":{"@type":"Person","@id":"https:\/\/www.febski.cz\/author\/#Person","name":"","url":"https:\/\/www.febski.cz\/author\/","identifier":1,"image":{"@type":"ImageObject","@id":"https:\/\/secure.gravatar.com\/avatar\/9bbe1b3bd68cf5b616cc697a459b86e3be4df6c120806baf939f8aad94b0a3d6?s=96&d=mm&r=g","url":"https:\/\/secure.gravatar.com\/avatar\/9bbe1b3bd68cf5b616cc697a459b86e3be4df6c120806baf939f8aad94b0a3d6?s=96&d=mm&r=g","height":96,"width":96}},"publisher":{"@type":"Organization","name":"febski.cz","logo":{"@type":"ImageObject","@id":"\/logo.png","url":"\/logo.png","width":600,"height":60}},"image":{"@type":"ImageObject","@id":"https:\/\/www.febski.cz\/wp-content\/uploads\/d%C3%ADvka%20u%20stolu.jpeg","url":"https:\/\/www.febski.cz\/wp-content\/uploads\/d%C3%ADvka%20u%20stolu.jpeg","height":0,"width":0},"url":"https:\/\/www.febski.cz\/prakticka-postel-90x200-s-uloznym-prostorem\/","about":["V\u00fdrobky"],"wordCount":444,"articleBody":"       N\u011bkter\u00e9 druhy postel\u00ed zkr\u00e1tka a dob\u0159e vyu\u017eijete kdekoliv a to pr\u00e1v\u011b plat\u00ed pro postel o velikosti 90&#215;200 centimetr\u016f. Samoz\u0159ejm\u011b dlouh\u00e1 dva metry, tak\u017ee se na ni vysp\u00ed velice pohodln\u011b ka\u017ed\u00e1 mal\u00e1 sle\u010dna i dlouh\u00e1n t\u0159eba student. Tento typ je vhodn\u00fd tak\u00e9 do lo\u017enice, pokud si p\u0159ejete zakoupit odd\u011blen\u00e9 l\u016f\u017eko. N\u011bkte\u0159\u00ed lid\u00e9 rad\u011bji vol\u00ed dv\u011b odd\u011blen\u00e9 postele, kter\u00e9 d\u00e1vaj\u00ed k sob\u011b p\u0159ed jedn\u00edm klasick\u00fdm dvojl\u016f\u017ekem. V\u00edte, jak se to \u0159\u00edk\u00e1 proti gustu.Sh\u00e1n\u00edte postel do d\u011btsk\u00e9ho pokoje? D\u011bti u\u017e odrostly a Vy jim pot\u0159ebujete po\u0159\u00eddit kvalitn\u00ed, v\u011bt\u0161\u00ed a ji\u017e plnohodnotnou postel? Z\u00e1rove\u0148 byste rad\u011bji volili n\u011bco praktick\u00e9ho nejl\u00e9pe s voln\u00fdm m\u00edstem, abyste dovnit\u0159 mohli odkl\u00e1dat n\u00e1hradn\u00ed povle\u010den\u00ed, p\u0159ikr\u00fdvky nebo sez\u00f3nn\u00ed oble\u010den\u00ed? V tom p\u0159\u00edpad\u011b vyu\u017eijete postel s \u00falo\u017en\u00fdm prostorem 90&#215;200.Postel 90&#215;200 se hod\u00ed i do d\u011btsk\u00fdch pokoj\u016f pro odrostlej\u0161\u00ed d\u011bti. Vhodn\u00e1 je tak\u00e9 pro studenty. Vyb\u00edrat si m\u016f\u017eete hned z n\u011bkolika kr\u00e1sn\u00fdch a zaj\u00edmav\u00fdch typ\u016f. V\u017edy jsou vyr\u00e1b\u011bn\u00e9 ze d\u0159eva, tak\u017ee do sv\u00e9ho obydl\u00ed p\u0159inesete kousek p\u0159\u00edrody. D\u0159evo je \u010dist\u011b p\u0159\u00edrodn\u00ed materi\u00e1l. M\u016f\u017eete si zvolit produkt v \u010dist\u011b p\u0159\u00edrodn\u00ed verzi nap\u0159\u00edklad pouze o\u0161et\u0159en\u00e9 bezbarv\u00fdm lakem nebo m\u016f\u017eete volit mezi jin\u00fdmi variantami. Na v\u00fdb\u011br je samoz\u0159ejm\u011b tak\u00e9 z r\u016fzn\u00fdch design\u016f. D\u0159evo jde nalakovat, tak\u017ee si m\u016f\u017eete po\u0159\u00eddit i velice modern\u00ed b\u00edlou postel, \u0161edou nebo v designu dubu \u010di buku. Mo\u017en\u00fd je tak\u00e9 design ol\u0161e, o\u0159echu, calvadosu. Design tedy m\u016f\u017eete p\u0159izp\u016fsobit n\u00e1bytku, kter\u00fd ji\u017e v pokoji nebo lo\u017enici m\u00e1te. Nav\u00edc jsou postele velice levn\u00e9 a z\u00e1rove\u0148 vysoce kvalitn\u00ed. \u00dalo\u017en\u00fd prostor je mo\u017en\u00e9 vyu\u017e\u00edt hned n\u011bkolika zp\u016fsoby. Dovnit\u0159 m\u016f\u017eete d\u00e1vat n\u00e1hradn\u00ed p\u0159ikr\u00fdvky, deky, sez\u00f3nn\u00ed oble\u010den\u00ed nebo i u\u010den\u00ed. Z\u00e1le\u017e\u00ed pouze na Va\u0161ich pot\u0159eb\u00e1ch, k \u010demu zrovna bude slou\u017eit \u00falo\u017ei\u0161t\u011b pod postel\u00ed, zdali pro hra\u010dky nebo pro oble\u010den\u00ed \u010di u\u010den\u00ed.Vhodn\u00e1 pro d\u011bti i dosp\u011bl\u00e9, pro studenty i teenagery. D\u0159evo se nav\u00edc skv\u011ble hod\u00ed do ka\u017ed\u00e9ho pokoje, tak\u017ee nikde neraz\u00ed ani nep\u0159ekr\u00fdv\u00e1 st\u00e1vaj\u00edc\u00ed design m\u00edstnosti, ale kr\u00e1sn\u011b se mu p\u0159izp\u016fsob\u00ed.                                                                                                                                                                                                                                                                                                                                                                                         3.7\/5 - (12 votes)        "},{"@context":"https:\/\/schema.org\/","@type":"BreadcrumbList","itemListElement":[{"@type":"ListItem","position":1,"name":"Praktick\u00e1 postel 90&#215;200 s \u00falo\u017en\u00fdm prostorem","item":"https:\/\/www.febski.cz\/prakticka-postel-90x200-s-uloznym-prostorem\/#breadcrumbitem"}]}]