[{"@context":"https:\/\/schema.org\/","@type":"Blog","@id":"https:\/\/www.febski.cz#Blog","headline":"Febski","description":"\nDost mo\u017en\u00e1 t\u00edm nejv\u011bt\u0161\u00edm nedostatkem na\u0161\u00ed internetov\u00e9 str\u00e1nky je skute\u010dnost, \u017ee se jen neradi sami vychvalujeme. Mo\u017en\u00e1 to po sv\u00e9 n\u00e1v\u0161t\u011bv\u011b ud\u011bl\u00e1te za n\u00e1s.","url":"https:\/\/www.febski.cz","hasPart":[{"@type":"Article","@id":"https:\/\/www.febski.cz\/udrzba-pocitace\/","headline":"\u00dadr\u017eba po\u010d\u00edta\u010de","url":"https:\/\/www.febski.cz\/udrzba-pocitace\/","datePublished":"2020-05-09","dateModified":"2023-05-02","mainEntityOfPage":"https:\/\/www.febski.cz\/udrzba-pocitace\/","author":{"@type":"Person","@id":"https:\/\/www.febski.cz\/author\/#Person","name":"","url":"https:\/\/www.febski.cz\/author\/","identifier":1,"image":{"@type":"ImageObject","@id":"https:\/\/secure.gravatar.com\/avatar\/9bbe1b3bd68cf5b616cc697a459b86e3be4df6c120806baf939f8aad94b0a3d6?s=96&d=mm&r=g","url":"https:\/\/secure.gravatar.com\/avatar\/9bbe1b3bd68cf5b616cc697a459b86e3be4df6c120806baf939f8aad94b0a3d6?s=96&d=mm&r=g","height":96,"width":96}},"publisher":{"@type":"Organization","name":"febski.cz","logo":{"@type":"ImageObject","@id":"\/logo.png","url":"\/logo.png","width":600,"height":60}},"image":{"@type":"ImageObject","@id":"https:\/\/www.febski.cz\/wp-content\/uploads\/syst%C3%A9mov%C3%A9%20zabezpe%C4%8Den%C3%AD.jpg","url":"https:\/\/www.febski.cz\/wp-content\/uploads\/syst%C3%A9mov%C3%A9%20zabezpe%C4%8Den%C3%AD.jpg","height":0,"width":0},"wordCount":680,"keywords":null},{"@type":"Article","@id":"https:\/\/www.febski.cz\/snizujte-treni-s-nejkvalitnejsimi-lozisky-na-trhu\/","headline":"Sni\u017eujte t\u0159en\u00ed s nejkvalitn\u011bj\u0161\u00edmi lo\u017eisky na trhu","url":"https:\/\/www.febski.cz\/snizujte-treni-s-nejkvalitnejsimi-lozisky-na-trhu\/","datePublished":"2020-04-25","dateModified":"2023-08-18","mainEntityOfPage":"https:\/\/www.febski.cz\/snizujte-treni-s-nejkvalitnejsimi-lozisky-na-trhu\/","author":{"@type":"Person","@id":"https:\/\/www.febski.cz\/author\/#Person","name":"","url":"https:\/\/www.febski.cz\/author\/","identifier":1,"image":{"@type":"ImageObject","@id":"https:\/\/secure.gravatar.com\/avatar\/9bbe1b3bd68cf5b616cc697a459b86e3be4df6c120806baf939f8aad94b0a3d6?s=96&d=mm&r=g","url":"https:\/\/secure.gravatar.com\/avatar\/9bbe1b3bd68cf5b616cc697a459b86e3be4df6c120806baf939f8aad94b0a3d6?s=96&d=mm&r=g","height":96,"width":96}},"publisher":{"@type":"Organization","name":"febski.cz","logo":{"@type":"ImageObject","@id":"\/logo.png","url":"\/logo.png","width":600,"height":60}},"image":{"@type":"ImageObject","@id":"https:\/\/www.febski.cz\/wp-content\/uploads\/img_a374932_w3368_t1586930426.png","url":"https:\/\/www.febski.cz\/wp-content\/uploads\/img_a374932_w3368_t1586930426.png","height":0,"width":0},"wordCount":521,"keywords":null},{"@type":"Article","@id":"https:\/\/www.febski.cz\/nejlevnejsi-stehovani-v-praze\/","headline":"Nejlevn\u011bj\u0161\u00ed st\u011bhov\u00e1n\u00ed v Praze","url":"https:\/\/www.febski.cz\/nejlevnejsi-stehovani-v-praze\/","datePublished":"2020-03-15","dateModified":"2023-05-02","mainEntityOfPage":"https:\/\/www.febski.cz\/nejlevnejsi-stehovani-v-praze\/","author":{"@type":"Person","@id":"https:\/\/www.febski.cz\/author\/#Person","name":"","url":"https:\/\/www.febski.cz\/author\/","identifier":1,"image":{"@type":"ImageObject","@id":"https:\/\/secure.gravatar.com\/avatar\/9bbe1b3bd68cf5b616cc697a459b86e3be4df6c120806baf939f8aad94b0a3d6?s=96&d=mm&r=g","url":"https:\/\/secure.gravatar.com\/avatar\/9bbe1b3bd68cf5b616cc697a459b86e3be4df6c120806baf939f8aad94b0a3d6?s=96&d=mm&r=g","height":96,"width":96}},"publisher":{"@type":"Organization","name":"febski.cz","logo":{"@type":"ImageObject","@id":"\/logo.png","url":"\/logo.png","width":600,"height":60}},"image":{"@type":"ImageObject","@id":"https:\/\/www.febski.cz\/wp-content\/uploads\/M%C3%A1te%20se%20st%C4%9Bhov%C3%A1n%C3%ADm%20p%C5%99%C3%ADli%C5%A1%20starost%C3%AD.jpg","url":"https:\/\/www.febski.cz\/wp-content\/uploads\/M%C3%A1te%20se%20st%C4%9Bhov%C3%A1n%C3%ADm%20p%C5%99%C3%ADli%C5%A1%20starost%C3%AD.jpg","height":0,"width":0},"wordCount":628,"keywords":null},{"@type":"Article","@id":"https:\/\/www.febski.cz\/mate-radi-barvy\/","headline":"M\u00e1te r\u00e1di barvy?","url":"https:\/\/www.febski.cz\/mate-radi-barvy\/","datePublished":"2020-02-25","dateModified":"2024-06-09","mainEntityOfPage":"https:\/\/www.febski.cz\/mate-radi-barvy\/","author":{"@type":"Person","@id":"https:\/\/www.febski.cz\/author\/#Person","name":"","url":"https:\/\/www.febski.cz\/author\/","identifier":1,"image":{"@type":"ImageObject","@id":"https:\/\/secure.gravatar.com\/avatar\/9bbe1b3bd68cf5b616cc697a459b86e3be4df6c120806baf939f8aad94b0a3d6?s=96&d=mm&r=g","url":"https:\/\/secure.gravatar.com\/avatar\/9bbe1b3bd68cf5b616cc697a459b86e3be4df6c120806baf939f8aad94b0a3d6?s=96&d=mm&r=g","height":96,"width":96}},"publisher":{"@type":"Organization","name":"febski.cz","logo":{"@type":"ImageObject","@id":"\/logo.png","url":"\/logo.png","width":600,"height":60}},"image":{"@type":"ImageObject","@id":"https:\/\/www.febski.cz\/wp-content\/uploads\/img_a381649_w2950_t1592898450.jpg","url":"https:\/\/www.febski.cz\/wp-content\/uploads\/img_a381649_w2950_t1592898450.jpg","height":0,"width":0},"wordCount":595,"keywords":null},{"@type":"Article","@id":"https:\/\/www.febski.cz\/duveruj-proveruj-a-pouzivej-zdravy-selsky-rozum\/","headline":"D\u016fv\u011b\u0159uj, prov\u011b\u0159uj a pou\u017e\u00edvej zdrav\u00fd selsk\u00fd rozum","url":"https:\/\/www.febski.cz\/duveruj-proveruj-a-pouzivej-zdravy-selsky-rozum\/","datePublished":"2020-02-23","dateModified":"2023-05-02","mainEntityOfPage":"https:\/\/www.febski.cz\/duveruj-proveruj-a-pouzivej-zdravy-selsky-rozum\/","author":{"@type":"Person","@id":"https:\/\/www.febski.cz\/author\/#Person","name":"","url":"https:\/\/www.febski.cz\/author\/","identifier":1,"image":{"@type":"ImageObject","@id":"https:\/\/secure.gravatar.com\/avatar\/9bbe1b3bd68cf5b616cc697a459b86e3be4df6c120806baf939f8aad94b0a3d6?s=96&d=mm&r=g","url":"https:\/\/secure.gravatar.com\/avatar\/9bbe1b3bd68cf5b616cc697a459b86e3be4df6c120806baf939f8aad94b0a3d6?s=96&d=mm&r=g","height":96,"width":96}},"publisher":{"@type":"Organization","name":"febski.cz","logo":{"@type":"ImageObject","@id":"\/logo.png","url":"\/logo.png","width":600,"height":60}},"image":{"@type":"ImageObject","@id":"https:\/\/www.febski.cz\/wp-content\/uploads\/img_a370565_w2976_t1582192349.jpg","url":"https:\/\/www.febski.cz\/wp-content\/uploads\/img_a370565_w2976_t1582192349.jpg","height":0,"width":0},"wordCount":4639,"keywords":null},{"@type":"Article","@id":"https:\/\/www.febski.cz\/betonove-ploty\/","headline":"Betonov\u00e9 ploty","url":"https:\/\/www.febski.cz\/betonove-ploty\/","datePublished":"2020-02-20","dateModified":"2023-05-02","mainEntityOfPage":"https:\/\/www.febski.cz\/betonove-ploty\/","author":{"@type":"Person","@id":"https:\/\/www.febski.cz\/author\/#Person","name":"","url":"https:\/\/www.febski.cz\/author\/","identifier":1,"image":{"@type":"ImageObject","@id":"https:\/\/secure.gravatar.com\/avatar\/9bbe1b3bd68cf5b616cc697a459b86e3be4df6c120806baf939f8aad94b0a3d6?s=96&d=mm&r=g","url":"https:\/\/secure.gravatar.com\/avatar\/9bbe1b3bd68cf5b616cc697a459b86e3be4df6c120806baf939f8aad94b0a3d6?s=96&d=mm&r=g","height":96,"width":96}},"publisher":{"@type":"Organization","name":"febski.cz","logo":{"@type":"ImageObject","@id":"\/logo.png","url":"\/logo.png","width":600,"height":60}},"image":{"@type":"ImageObject","@id":"https:\/\/www.febski.cz\/wp-content\/uploads\/img_a376440_w4270_t1587708507.jpg","url":"https:\/\/www.febski.cz\/wp-content\/uploads\/img_a376440_w4270_t1587708507.jpg","height":0,"width":0},"wordCount":545,"keywords":null},{"@type":"Article","@id":"https:\/\/www.febski.cz\/priroda-jako-lecitel\/","headline":"P\u0159\u00edroda jako l\u00e9\u010ditel","url":"https:\/\/www.febski.cz\/priroda-jako-lecitel\/","datePublished":"2020-01-13","dateModified":"2023-05-02","mainEntityOfPage":"https:\/\/www.febski.cz\/priroda-jako-lecitel\/","author":{"@type":"Person","@id":"https:\/\/www.febski.cz\/author\/#Person","name":"","url":"https:\/\/www.febski.cz\/author\/","identifier":1,"image":{"@type":"ImageObject","@id":"https:\/\/secure.gravatar.com\/avatar\/9bbe1b3bd68cf5b616cc697a459b86e3be4df6c120806baf939f8aad94b0a3d6?s=96&d=mm&r=g","url":"https:\/\/secure.gravatar.com\/avatar\/9bbe1b3bd68cf5b616cc697a459b86e3be4df6c120806baf939f8aad94b0a3d6?s=96&d=mm&r=g","height":96,"width":96}},"publisher":{"@type":"Organization","name":"febski.cz","logo":{"@type":"ImageObject","@id":"\/logo.png","url":"\/logo.png","width":600,"height":60}},"image":{"@type":"ImageObject","@id":"https:\/\/www.febski.cz\/wp-content\/uploads\/img_a378380_w2976_t1589540775.jpg","url":"https:\/\/www.febski.cz\/wp-content\/uploads\/img_a378380_w2976_t1589540775.jpg","height":0,"width":0},"wordCount":560,"keywords":null},{"@type":"Article","@id":"https:\/\/www.febski.cz\/rericha-peruanska\/","headline":"\u0158e\u0159icha peru\u00e1nsk\u00e1","url":"https:\/\/www.febski.cz\/rericha-peruanska\/","datePublished":"2020-01-08","dateModified":"2023-05-02","mainEntityOfPage":"https:\/\/www.febski.cz\/rericha-peruanska\/","author":{"@type":"Person","@id":"https:\/\/www.febski.cz\/author\/#Person","name":"","url":"https:\/\/www.febski.cz\/author\/","identifier":1,"image":{"@type":"ImageObject","@id":"https:\/\/secure.gravatar.com\/avatar\/9bbe1b3bd68cf5b616cc697a459b86e3be4df6c120806baf939f8aad94b0a3d6?s=96&d=mm&r=g","url":"https:\/\/secure.gravatar.com\/avatar\/9bbe1b3bd68cf5b616cc697a459b86e3be4df6c120806baf939f8aad94b0a3d6?s=96&d=mm&r=g","height":96,"width":96}},"publisher":{"@type":"Organization","name":"febski.cz","logo":{"@type":"ImageObject","@id":"\/logo.png","url":"\/logo.png","width":600,"height":60}},"image":{"@type":"ImageObject","@id":"https:\/\/www.febski.cz\/wp-content\/uploads\/img_a379502_w2976_t1591083993.jpg","url":"https:\/\/www.febski.cz\/wp-content\/uploads\/img_a379502_w2976_t1591083993.jpg","height":0,"width":0},"wordCount":548,"keywords":null},{"@type":"Article","@id":"https:\/\/www.febski.cz\/soustruznicky-nuz\/","headline":"Soustru\u017enick\u00fd n\u016f\u017e","url":"https:\/\/www.febski.cz\/soustruznicky-nuz\/","datePublished":"2019-12-05","dateModified":"2023-05-02","mainEntityOfPage":"https:\/\/www.febski.cz\/soustruznicky-nuz\/","author":{"@type":"Person","@id":"https:\/\/www.febski.cz\/author\/#Person","name":"","url":"https:\/\/www.febski.cz\/author\/","identifier":1,"image":{"@type":"ImageObject","@id":"https:\/\/secure.gravatar.com\/avatar\/9bbe1b3bd68cf5b616cc697a459b86e3be4df6c120806baf939f8aad94b0a3d6?s=96&d=mm&r=g","url":"https:\/\/secure.gravatar.com\/avatar\/9bbe1b3bd68cf5b616cc697a459b86e3be4df6c120806baf939f8aad94b0a3d6?s=96&d=mm&r=g","height":96,"width":96}},"publisher":{"@type":"Organization","name":"febski.cz","logo":{"@type":"ImageObject","@id":"\/logo.png","url":"\/logo.png","width":600,"height":60}},"image":{"@type":"ImageObject","@id":"https:\/\/www.febski.cz\/wp-content\/uploads\/img_a369022_w1696_t1581319497.jpg","url":"https:\/\/www.febski.cz\/wp-content\/uploads\/img_a369022_w1696_t1581319497.jpg","height":0,"width":0},"wordCount":4518,"keywords":null},{"@type":"Article","@id":"https:\/\/www.febski.cz\/patri-mlecne-vyrobky-ke-zdravemu-zivotnimu-stylu\/","headline":"Pat\u0159\u00ed ml\u00e9\u010dn\u00e9 v\u00fdrobky ke zdrav\u00e9mu \u017eivotn\u00edmu stylu?","url":"https:\/\/www.febski.cz\/patri-mlecne-vyrobky-ke-zdravemu-zivotnimu-stylu\/","datePublished":"2019-11-15","dateModified":"2023-05-02","mainEntityOfPage":"https:\/\/www.febski.cz\/patri-mlecne-vyrobky-ke-zdravemu-zivotnimu-stylu\/","author":{"@type":"Person","@id":"https:\/\/www.febski.cz\/author\/#Person","name":"","url":"https:\/\/www.febski.cz\/author\/","identifier":1,"image":{"@type":"ImageObject","@id":"https:\/\/secure.gravatar.com\/avatar\/9bbe1b3bd68cf5b616cc697a459b86e3be4df6c120806baf939f8aad94b0a3d6?s=96&d=mm&r=g","url":"https:\/\/secure.gravatar.com\/avatar\/9bbe1b3bd68cf5b616cc697a459b86e3be4df6c120806baf939f8aad94b0a3d6?s=96&d=mm&r=g","height":96,"width":96}},"publisher":{"@type":"Organization","name":"febski.cz","logo":{"@type":"ImageObject","@id":"\/logo.png","url":"\/logo.png","width":600,"height":60}},"image":{"@type":"ImageObject","@id":"https:\/\/www.febski.cz\/wp-content\/uploads\/img_a359373_w3373_t1573372383.jpg","url":"https:\/\/www.febski.cz\/wp-content\/uploads\/img_a359373_w3373_t1573372383.jpg","height":0,"width":0},"wordCount":508,"keywords":null}]},{"@context":"https:\/\/schema.org","@type":"WebSite","@id":"https:\/\/www.febski.cz\/#website","name":"Febski","url":"https:\/\/www.febski.cz","potentialAction":{"@type":"SearchAction","target":"https:\/\/www.febski.cz\/?s={search_term_string}","query-input":"required name=search_term_string"}}]