[{"@context":"https:\/\/schema.org\/","@type":"Article","@id":"https:\/\/www.febski.cz\/jsou-klicenky-na-krk-jen-pro-deti\/#Article","mainEntityOfPage":"https:\/\/www.febski.cz\/jsou-klicenky-na-krk-jen-pro-deti\/","headline":"Jsou kl\u00ed\u010denky na krk jen pro d\u011bti?","name":"Jsou kl\u00ed\u010denky na krk jen pro d\u011bti?","description":"Asi ka\u017ed\u00fd z n\u00e1s p\u0159ipev\u0148uje kl\u00ed\u010de ke kl\u00ed\u010dence. Je to jeden z pom\u011brn\u011b \u00fa\u010dinn\u00fdch zp\u016fsob\u016f, jak se zabezpe\u010dit proti tomu, abychom je ztratili. Zde v\u0161ak z\u00e1vis\u00ed na tom, jak\u00fd typ kl\u00ed\u010denky zvol\u00edme. Existuje jich toti\u017e skute\u010dn\u011b velk\u00e9 mno\u017estv\u00ed druh\u016f, a pro ka\u017ed\u00e9ho bude vhodn\u00fd trochu jin\u00fd. Jedn\u00edm z typ\u016f, se kter\u00fdm se setk\u00e1v\u00e1me hlavn\u011b u [&hellip;]","datePublished":"2023-05-13","dateModified":"2023-05-13","author":{"@type":"Person","@id":"https:\/\/www.febski.cz\/author\/#Person","name":"","url":"https:\/\/www.febski.cz\/author\/","identifier":1,"image":{"@type":"ImageObject","@id":"https:\/\/secure.gravatar.com\/avatar\/9bbe1b3bd68cf5b616cc697a459b86e3be4df6c120806baf939f8aad94b0a3d6?s=96&d=mm&r=g","url":"https:\/\/secure.gravatar.com\/avatar\/9bbe1b3bd68cf5b616cc697a459b86e3be4df6c120806baf939f8aad94b0a3d6?s=96&d=mm&r=g","height":96,"width":96}},"publisher":{"@type":"Organization","name":"febski.cz","logo":{"@type":"ImageObject","@id":"\/logo.png","url":"\/logo.png","width":600,"height":60}},"image":{"@type":"ImageObject","@id":"https:\/\/www.febski.cz\/wp-content\/uploads\/klicenka1_2.jpg","url":"https:\/\/www.febski.cz\/wp-content\/uploads\/klicenka1_2.jpg","height":0,"width":0},"url":"https:\/\/www.febski.cz\/jsou-klicenky-na-krk-jen-pro-deti\/","about":["Business"],"wordCount":440,"articleBody":"   Asi ka\u017ed\u00fd z n\u00e1s p\u0159ipev\u0148uje kl\u00ed\u010de ke kl\u00ed\u010dence. Je to jeden z pom\u011brn\u011b \u00fa\u010dinn\u00fdch zp\u016fsob\u016f, jak se zabezpe\u010dit proti tomu, abychom je ztratili. Zde v\u0161ak z\u00e1vis\u00ed na tom, jak\u00fd typ kl\u00ed\u010denky zvol\u00edme. Existuje jich toti\u017e skute\u010dn\u011b velk\u00e9 mno\u017estv\u00ed druh\u016f, a pro ka\u017ed\u00e9ho bude vhodn\u00fd trochu jin\u00fd.Jedn\u00edm z typ\u016f, se kter\u00fdm se setk\u00e1v\u00e1me hlavn\u011b u d\u011bt\u00ed, jsou kl\u00ed\u010denky na krk https:\/\/www.promodarky.cz\/kategorie\/reklamni-predmety\/klicenky\/klicenky-na-krk\/. Jedn\u00e1 se o prov\u00e1zek nebo p\u00e1sek, na kter\u00e9m jsou p\u0159ipevn\u011bny kl\u00ed\u010de a kter\u00fd si \u010dlov\u011bk zav\u011bs\u00ed p\u0159es hlavu na krk. Popul\u00e1rn\u00ed je hlavn\u011b u d\u011bt\u00ed proto, \u017ee je to zdaleka nejbezpe\u010dn\u011bj\u0161\u00ed zp\u016fsob, jak je nosit.Velkou v\u00fdhodou je, \u017ee se zde nemus\u00edte b\u00e1t, \u017ee v\u00e1m nap\u0159\u00edklad p\u0159i neopatrn\u00e9m pohybu vypadnou z kapsy \u010di z ta\u0161ky, ani\u017e byste si toho v\u0161imli. Tak\u00e9 pravd\u011bpodobnost, \u017ee v\u00e1m je n\u011bco ukradne, je mnohem men\u0161\u00ed. Je tedy zaj\u00edmav\u00e9, \u017ee i p\u0159es v\u0161echna tato pozitiva tento typ u dosp\u011bl\u00fdch p\u0159\u00edli\u0161 nenajdeme.D\u016fvod\u016f je hned n\u011bkolik. T\u00edm prvn\u00ed z nich je stud. Vzhledem k tomu, \u017ee tyto kl\u00ed\u010denky jsou pova\u017eov\u00e1ny p\u0159edev\u0161\u00edm za z\u00e1le\u017eitost d\u011bt\u00ed, mnoho dosp\u011bl\u00fdch se je styd\u00ed nosit. P\u0159ipad\u00e1 jim toti\u017e, \u017ee by si pak o nich lid\u00e9 mysleli, \u017ee nejsou schopni si sv\u00e9 kl\u00ed\u010de zabezpe\u010dit jinak.D\u00e1le je to tak\u00e9 vzhled. Je toti\u017e pravdou, \u017ee k v\u011bt\u0161in\u011b oblek\u016f, zejm\u00e9na pracovn\u00edch, by se tento dopln\u011bk p\u0159\u00edli\u0161 nehodil. Nav\u00edc by nep\u016fsobilo dob\u0159e, kdybychom p\u0159i ka\u017ed\u00e9m kroku cinkali a chrastili. Proto pou\u017e\u00edv\u00e1me jin\u00fd typ, kter\u00fd lze d\u00e1t nap\u0159\u00edklad do kabelky. Je v\u0161ak ot\u00e1zkou, zda je to dob\u0159e. Pro\u010d bychom se m\u011bli styd\u011bt za to, \u017ee nos\u00edme jeden typ kl\u00ed\u010denky? D\u016fle\u017eit\u00e9 p\u0159eci jen, \u017ee je d\u00edky tomu neztrat\u00edme. P\u0159iznejme si toti\u017e, \u017ee n\u00e1sledky by byly pon\u011bkud hor\u0161\u00ed, ne\u017e kdy\u017e se to stane d\u00edt\u011bti, zvl\u00e1\u0161t\u011b pokud bydl\u00edme sami. Je proto na zv\u00e1\u017een\u00ed, zda by nebylo dobr\u00e9 alespo\u0148 ob\u010das p\u0159ekonat stud a pou\u017e\u00edt metodu uchov\u00e1v\u00e1n\u00ed kl\u00ed\u010d\u016f, kter\u00e1 se uk\u00e1zala jako nejbezpe\u010dn\u011bj\u0161\u00ed. P\u0159eci jen je pot\u0159ebujeme k tomu, abychom se dostali dom\u016f.                                                                                                                                                                                                                                                                                                                                                                                          4.1\/5 - (7 votes)        "},{"@context":"https:\/\/schema.org\/","@type":"BreadcrumbList","itemListElement":[{"@type":"ListItem","position":1,"name":"Jsou kl\u00ed\u010denky na krk jen pro d\u011bti?","item":"https:\/\/www.febski.cz\/jsou-klicenky-na-krk-jen-pro-deti\/#breadcrumbitem"}]}]