[{"@context":"https:\/\/schema.org\/","@type":"Article","@id":"https:\/\/www.febski.cz\/jak-nemit-elektrinu-drahou\/#Article","mainEntityOfPage":"https:\/\/www.febski.cz\/jak-nemit-elektrinu-drahou\/","headline":"Jak nem\u00edt elekt\u0159inu drahou?","name":"Jak nem\u00edt elekt\u0159inu drahou?","description":"Mo\u017en\u00e1 pat\u0159\u00edte k lidem, kte\u0159\u00ed si v dne\u0161n\u00ed situaci zoufaj\u00ed. A mo\u017en\u00e1 si sice zjevn\u011b nezouf\u00e1te, ale to neznamen\u00e1, \u017ee se v\u00e1m vede pr\u00e1v\u011b skv\u011ble. Inu, ne v\u017edy je v\u0161em lidem dostate\u010dn\u011b p\u0159\u00e1no. Kdy\u017e lid\u00e9 nemaj\u00ed pr\u00e1v\u011b slastn\u00fd \u017eivot, proto\u017ee jsou na tom finan\u010dn\u011b vysloven\u011b nebo t\u0159eba i jenom relativn\u011b neuspokojiv\u011b, nem\u016f\u017ee tomu b\u00fdt ani [&hellip;]","datePublished":"2024-06-03","dateModified":"2024-06-03","author":{"@type":"Person","@id":"https:\/\/www.febski.cz\/author\/#Person","name":"","url":"https:\/\/www.febski.cz\/author\/","identifier":1,"image":{"@type":"ImageObject","@id":"https:\/\/secure.gravatar.com\/avatar\/9bbe1b3bd68cf5b616cc697a459b86e3be4df6c120806baf939f8aad94b0a3d6?s=96&d=mm&r=g","url":"https:\/\/secure.gravatar.com\/avatar\/9bbe1b3bd68cf5b616cc697a459b86e3be4df6c120806baf939f8aad94b0a3d6?s=96&d=mm&r=g","height":96,"width":96}},"publisher":{"@type":"Organization","name":"febski.cz","logo":{"@type":"ImageObject","@id":"\/logo.png","url":"\/logo.png","width":600,"height":60}},"image":{"@type":"ImageObject","@id":"https:\/\/www.febski.cz\/wp-content\/uploads\/sssssssssssssssss_10.jpg","url":"https:\/\/www.febski.cz\/wp-content\/uploads\/sssssssssssssssss_10.jpg","height":0,"width":0},"url":"https:\/\/www.febski.cz\/jak-nemit-elektrinu-drahou\/","about":["Business"],"wordCount":428,"articleBody":"   Mo\u017en\u00e1 pat\u0159\u00edte k lidem, kte\u0159\u00ed si v dne\u0161n\u00ed situaci zoufaj\u00ed. A mo\u017en\u00e1 si sice zjevn\u011b nezouf\u00e1te, ale to neznamen\u00e1, \u017ee se v\u00e1m vede pr\u00e1v\u011b skv\u011ble. Inu, ne v\u017edy je v\u0161em lidem dostate\u010dn\u011b p\u0159\u00e1no. Kdy\u017e lid\u00e9 nemaj\u00ed pr\u00e1v\u011b slastn\u00fd \u017eivot, proto\u017ee jsou na tom finan\u010dn\u011b vysloven\u011b nebo t\u0159eba i jenom relativn\u011b neuspokojiv\u011b, nem\u016f\u017ee tomu b\u00fdt ani jinak, proto\u017ee dnes prakticky v\u0161echno n\u011bjak s pen\u011bzi souvis\u00ed. A kdo nem\u00e1 pen\u011bz dost, mus\u00ed se sna\u017eit na n\u011b\u010dem u\u0161et\u0159it. Mnoz\u00ed z n\u00e1s u\u017e se tak\u00e9 dok\u00e1zali na lec\u010dem omezit. Ale to neznamen\u00e1, \u017ee dok\u00e1zali dos\u00e1hnout uspokojiv\u00e9 situace, \u017ee te\u010f u\u017e to zvl\u00e1daj\u00ed. Ale na \u010dem by se pak je\u0161t\u011b dalo n\u011bco u\u0161et\u0159it?Mnoz\u00ed lid\u00e9 si mysl\u00ed, \u017ee u\u017e na ni\u010dem. \u017de u\u017e skute\u010dn\u011b nemaj\u00ed mo\u017enost n\u011bkter\u00e9 v\u00fddaje sn\u00ed\u017eit. Ale kdy\u017e se nad t\u00edm zamysl\u00edme, p\u0159ijdeme na to, \u017ee tito obvykle na jednu mo\u017enost zapom\u00ednaj\u00ed. A plat\u00ed tak moc, by\u0165 by nemuseli platit vlastn\u011b nic. Kdy\u017e na to p\u0159ijde, daj\u00ed se \u010dasto u\u0161et\u0159it t\u0159eba i hodn\u011b velk\u00e9 pen\u00edze na elektrick\u00e9 energii. Ta se stala v posledn\u00edch letech hodn\u011b drahou, ta kdekoho enormn\u011b zat\u011b\u017euje. A pr\u00e1v\u011b proto by se na n\u00ed tak\u00e9 dalo hodn\u011b u\u0161et\u0159it, kdyby se se zbyte\u010dn\u00fdmi v\u00fddaji za ni skoncovalo. \u017de to u v\u00e1s nep\u0159ipad\u00e1 v \u00favahu, proto\u017ee elekt\u0159inu pot\u0159ebujete? V\u011b\u0159te mi, \u017ee se na n\u00ed d\u00e1 \u0161et\u0159it i tehdy, kdy\u017e se jej\u00ed spot\u0159eba nesn\u00ed\u017e\u00ed.Elektrick\u00fd proud lze m\u00edt a spot\u0159ebov\u00e1vat, a p\u0159esto za n\u011bj neplatit. A to v p\u0159\u00edpad\u011b, \u017ee si \u010dlov\u011bk po\u0159\u00edd\u00ed fotovoltaick\u00e9 panely Axitec. A je snadno pochopiteln\u00e9, v \u010dem tato \u00faspora spo\u010d\u00edv\u00e1. Kdo takov\u00e9 sol\u00e1rn\u00ed panely m\u00e1, vyr\u00e1b\u00ed si s\u00e1m vlastn\u00ed elekt\u0159inu se slune\u010dn\u00edho z\u00e1\u0159en\u00ed, a za tu se neplat\u00ed. Zat\u00edmco by tradi\u010dn\u00ed distributo\u0159i a elektr\u00e1rny cht\u011bli za spot\u0159ebov\u00e1vanou elekt\u0159inu hodn\u011b zaplatit, tady se financuj\u00ed jenom ony sol\u00e1rn\u00ed panely a elekt\u0159ina z nich u\u017e je potom zadarmo. A zkuste si jenom p\u0159edstavit, co by to znamenalo, kdybyste mohli p\u0159estat platit sv\u00e9 dosavadn\u00ed \u00fa\u010dty za elekt\u0159inu. A ne\u0159\u00edkejte mi, \u017ee by se v\u00e1m takov\u00e1 \u00faspora nehodila.                                                                                                                                                                                                                                                                                                                                                                                          4.3\/5 - (15 votes)        "},{"@context":"https:\/\/schema.org\/","@type":"BreadcrumbList","itemListElement":[{"@type":"ListItem","position":1,"name":"Jak nem\u00edt elekt\u0159inu drahou?","item":"https:\/\/www.febski.cz\/jak-nemit-elektrinu-drahou\/#breadcrumbitem"}]}]