[{"@context":"https:\/\/schema.org\/","@type":"Article","@id":"https:\/\/www.febski.cz\/deti-a-internet\/#Article","mainEntityOfPage":"https:\/\/www.febski.cz\/deti-a-internet\/","headline":"D\u011bti a internet","name":"D\u011bti a internet","description":"D\u011bti a ml\u00e1de\u017e jsou v posledn\u00edch letech d\u00edky internetov\u00e9 s\u00edti izolov\u00e1ni od sv\u00fdch vrstevn\u00edk\u016f. Dnes a denn\u011b sed\u00ed u po\u010d\u00edta\u010d\u016f, tweetuj\u00ed, vytv\u00e1\u0159\u00ed profily na medi\u00e1ln\u00edch s\u00edt\u00edch, sd\u00edlej\u00ed sv\u016fj \u017eivot, chatuj\u00ed, a komunikuj\u00ed s p\u0159\u00e1teli a n\u011bkdy i ciz\u00edmi lidmi prakticky nep\u0159etr\u017eit\u011b. Na\u0161e d\u011bti jsou na rozd\u00edl od star\u0161\u00edch generac\u00ed na v\u0161elijak\u00fdch webov\u00fdch str\u00e1nk\u00e1ch neust\u00e1le. M\u00e9dia [&hellip;]","datePublished":"2025-03-01","dateModified":"2023-05-02","author":{"@type":"Person","@id":"https:\/\/www.febski.cz\/author\/#Person","name":"","url":"https:\/\/www.febski.cz\/author\/","identifier":1,"image":{"@type":"ImageObject","@id":"https:\/\/secure.gravatar.com\/avatar\/9bbe1b3bd68cf5b616cc697a459b86e3be4df6c120806baf939f8aad94b0a3d6?s=96&d=mm&r=g","url":"https:\/\/secure.gravatar.com\/avatar\/9bbe1b3bd68cf5b616cc697a459b86e3be4df6c120806baf939f8aad94b0a3d6?s=96&d=mm&r=g","height":96,"width":96}},"publisher":{"@type":"Organization","name":"febski.cz","logo":{"@type":"ImageObject","@id":"\/logo.png","url":"\/logo.png","width":600,"height":60}},"image":{"@type":"ImageObject","@id":"https:\/\/www.febski.cz\/wp-content\/uploads\/img_a292698_w1896_t1505140157.jpg","url":"https:\/\/www.febski.cz\/wp-content\/uploads\/img_a292698_w1896_t1505140157.jpg","height":0,"width":0},"url":"https:\/\/www.febski.cz\/deti-a-internet\/","wordCount":416,"articleBody":"D\u011bti a ml\u00e1de\u017e jsou v posledn\u00edch letech d\u00edky internetov\u00e9 s\u00edti izolov\u00e1ni od sv\u00fdch vrstevn\u00edk\u016f. Dnes a denn\u011b sed\u00ed u po\u010d\u00edta\u010d\u016f, tweetuj\u00ed, vytv\u00e1\u0159\u00ed profily na medi\u00e1ln\u00edch s\u00edt\u00edch, sd\u00edlej\u00ed sv\u016fj \u017eivot, chatuj\u00ed, a komunikuj\u00ed s p\u0159\u00e1teli a n\u011bkdy i ciz\u00edmi lidmi prakticky nep\u0159etr\u017eit\u011b. Na\u0161e d\u011bti jsou na rozd\u00edl od star\u0161\u00edch generac\u00ed na v\u0161elijak\u00fdch webov\u00fdch str\u00e1nk\u00e1ch neust\u00e1le. M\u00e9dia konzumuj\u00ed s velik\u00fdm z\u00e1jmem, z\u00e1rove\u0148 pokud mo\u017eno v\u00edce m\u00e9di\u00ed najednou. Digit\u00e1ln\u00ed generace Dne\u0161n\u00ed ml\u00e1de\u017e se z tohoto d\u016fvodu naz\u00fdv\u00e1 s\u00ed\u0165ovou generac\u00ed, elektronickou generac\u00ed, nebo tak\u00e9 digit\u00e1ln\u00ed generac\u00ed. Nikdy v historii d\u011bti a dosp\u00edvaj\u00edc\u00ed nekonzumovali tolik medi\u00e1ln\u00edch objekt\u016f, netr\u00e1vili nad nimi tolik \u010dasu jako dnes a ani nem\u011bli k dispozici takov\u00e9 mno\u017estv\u00ed medi\u00e1ln\u00edch technologi\u00ed. Je prok\u00e1z\u00e1no, \u017ee . Z\u00e1rove\u0148 tak\u00e9 nikdy nebylo s t\u00edmto medi\u00e1ln\u00edm chov\u00e1n\u00edm d\u011bt\u00ed a ml\u00e1de\u017ee spojeno tolik obav a tak\u00e9 probl\u00e9m\u016f. Zahlceni m\u00e9dii Sou\u010dasn\u00e9 d\u011bti a dosp\u00edvaj\u00edc\u00ed jsou generace zaplavena m\u00e9dii. Je zcela b\u011b\u017en\u00fdm standardem, \u017ee v\u00fdbava dne\u0161n\u00ed mlad\u00e9 generace obsahuje ji\u017e u mal\u00fdch d\u011bt\u00ed mobiln\u00ed telefon, p\u0159ehr\u00e1va\u010d hudby, r\u00e1dio a pozd\u011bji u dosp\u00edvaj\u00edc\u00edch d\u011bt\u00ed tak\u00e9 po\u010d\u00edta\u010d, nebo alespo\u0148 notebook. \u010cas, kter\u00fd mlad\u00ed lid\u00e9 str\u00e1v\u00ed nad m\u00e9dii, jim potom zab\u00edr\u00e1 ve\u0161ker\u00e9 jejich volno. V\u00edce \u010dasu ve sv\u00e9m \u017eivot\u011b tr\u00e1v\u00ed sou\u010dasn\u00e9 d\u011bti a dosp\u00edvaj\u00edc\u00ed ml\u00e1de\u017e potom u\u017e pouze sp\u00e1nkem. Podle posledn\u00edch v\u00fdzkum\u016f, kter\u00e9 se prov\u00e1d\u011bly ve Velk\u00e9 Brit\u00e1nii a N\u011bmecku, je dolo\u017eeno, \u017ee internet za\u010dal b\u00fdt mezi lidmi vn\u00edm\u00e1n jako nejd\u016fle\u017eit\u011bj\u0161\u00ed m\u00e9dium. Absenci internetu by mlad\u00ed lid\u00e9 pro\u017e\u00edvali mnohem h\u016f\u0159e ne\u017e absenci televize. Zrovna tak tyto v\u00fdzkumy ukazuj\u00ed, \u017ee je\u0161t\u011b mnohem h\u016f\u0159e, ne\u017e absenci internetu, by d\u011bti a dosp\u00edvaj\u00edc\u00ed ml\u00e1de\u017e postr\u00e1daly mobiln\u00ed telefon. Do kter\u00e9 kategorie pat\u0159\u00ed va\u0161e d\u011bti? Existuje \u0161est kategori\u00ed u\u017eivatel\u016f internetu: \u00d8 M\u00e1lo riskuj\u00edc\u00ed nov\u00e1\u010dci  \u00d8 Mlad\u00ed networke\u0159i \u00d8 Um\u00edrn\u011bn\u00ed u\u017eivatel\u00e9 \u00d8 Riskuj\u00edc\u00ed pr\u016fzkumn\u00edci \u00d8 Intenzivn\u00ed hr\u00e1\u010di  \u00d8 Zku\u0161en\u00ed networke\u0159i                                                                                                                                                                                                                                                                                                                                                                                        3.9\/5 - (12 votes)        "},{"@context":"https:\/\/schema.org\/","@type":"BreadcrumbList","itemListElement":[{"@type":"ListItem","position":1,"name":"D\u011bti a internet","item":"https:\/\/www.febski.cz\/deti-a-internet\/#breadcrumbitem"}]}]