{"@context":"https:\/\/schema.org\/","@type":"CollectionPage","@id":"https:\/\/www.febski.cz\/business\/#CollectionPage","headline":"Business Category","description":"","url":"https:\/\/www.febski.cz\/business\/","hasPart":[{"@type":"Article","@id":"https:\/\/www.febski.cz\/jsou-klicenky-na-krk-jen-pro-deti\/","headline":"Jsou kl\u00ed\u010denky na krk jen pro d\u011bti?","url":"https:\/\/www.febski.cz\/jsou-klicenky-na-krk-jen-pro-deti\/","datePublished":"2023-05-13","dateModified":"2023-05-13","mainEntityOfPage":"https:\/\/www.febski.cz\/jsou-klicenky-na-krk-jen-pro-deti\/","author":{"@type":"Person","@id":"https:\/\/www.febski.cz\/author\/#Person","name":"","url":"https:\/\/www.febski.cz\/author\/","identifier":1,"image":{"@type":"ImageObject","@id":"https:\/\/secure.gravatar.com\/avatar\/9bbe1b3bd68cf5b616cc697a459b86e3be4df6c120806baf939f8aad94b0a3d6?s=96&d=mm&r=g","url":"https:\/\/secure.gravatar.com\/avatar\/9bbe1b3bd68cf5b616cc697a459b86e3be4df6c120806baf939f8aad94b0a3d6?s=96&d=mm&r=g","height":96,"width":96}},"publisher":{"@type":"Organization","name":"febski.cz","logo":{"@type":"ImageObject","@id":"\/logo.png","url":"\/logo.png","width":600,"height":60}},"image":{"@type":"ImageObject","@id":"https:\/\/www.febski.cz\/wp-content\/uploads\/klicenka1_2.jpg","url":"https:\/\/www.febski.cz\/wp-content\/uploads\/klicenka1_2.jpg","height":0,"width":0},"keywords":null},{"@type":"Article","@id":"https:\/\/www.febski.cz\/idealni-zpusob-jak-se-zchladit\/","headline":"Ide\u00e1ln\u00ed zp\u016fsob, jak se zchladit","url":"https:\/\/www.febski.cz\/idealni-zpusob-jak-se-zchladit\/","datePublished":"2023-05-12","dateModified":"2023-05-12","mainEntityOfPage":"https:\/\/www.febski.cz\/idealni-zpusob-jak-se-zchladit\/","author":{"@type":"Person","@id":"https:\/\/www.febski.cz\/author\/#Person","name":"","url":"https:\/\/www.febski.cz\/author\/","identifier":1,"image":{"@type":"ImageObject","@id":"https:\/\/secure.gravatar.com\/avatar\/9bbe1b3bd68cf5b616cc697a459b86e3be4df6c120806baf939f8aad94b0a3d6?s=96&d=mm&r=g","url":"https:\/\/secure.gravatar.com\/avatar\/9bbe1b3bd68cf5b616cc697a459b86e3be4df6c120806baf939f8aad94b0a3d6?s=96&d=mm&r=g","height":96,"width":96}},"publisher":{"@type":"Organization","name":"febski.cz","logo":{"@type":"ImageObject","@id":"\/logo.png","url":"\/logo.png","width":600,"height":60}},"image":{"@type":"ImageObject","@id":"https:\/\/www.febski.cz\/wp-content\/uploads\/%C4%8Cist%C3%A1%20voda_10_3.jpg","url":"https:\/\/www.febski.cz\/wp-content\/uploads\/%C4%8Cist%C3%A1%20voda_10_3.jpg","height":0,"width":0},"keywords":null},{"@type":"Article","@id":"https:\/\/www.febski.cz\/kdo-muze-provadet-odhad-ceny-nemovitosti-pro-hypoteku\/","headline":"Kdo m\u016f\u017ee prov\u00e1d\u011bt odhad ceny nemovitosti pro hypot\u00e9ku","url":"https:\/\/www.febski.cz\/kdo-muze-provadet-odhad-ceny-nemovitosti-pro-hypoteku\/","datePublished":"2022-07-08","dateModified":"2023-05-02","mainEntityOfPage":"https:\/\/www.febski.cz\/kdo-muze-provadet-odhad-ceny-nemovitosti-pro-hypoteku\/","author":{"@type":"Person","@id":"https:\/\/www.febski.cz\/author\/#Person","name":"","url":"https:\/\/www.febski.cz\/author\/","identifier":1,"image":{"@type":"ImageObject","@id":"https:\/\/secure.gravatar.com\/avatar\/9bbe1b3bd68cf5b616cc697a459b86e3be4df6c120806baf939f8aad94b0a3d6?s=96&d=mm&r=g","url":"https:\/\/secure.gravatar.com\/avatar\/9bbe1b3bd68cf5b616cc697a459b86e3be4df6c120806baf939f8aad94b0a3d6?s=96&d=mm&r=g","height":96,"width":96}},"publisher":{"@type":"Organization","name":"febski.cz","logo":{"@type":"ImageObject","@id":"\/logo.png","url":"\/logo.png","width":600,"height":60}},"image":{"@type":"ImageObject","@id":"https:\/\/www.febski.cz\/wp-content\/uploads\/hypoteka4_10_10_10_10_10_10_10_10_10_2.jpg","url":"https:\/\/www.febski.cz\/wp-content\/uploads\/hypoteka4_10_10_10_10_10_10_10_10_10_2.jpg","height":0,"width":0},"keywords":null},{"@type":"Article","@id":"https:\/\/www.febski.cz\/letni-detska-oslava-narozenin\/","headline":"Letn\u00ed d\u011btsk\u00e1 oslava narozenin","url":"https:\/\/www.febski.cz\/letni-detska-oslava-narozenin\/","datePublished":"2022-06-30","dateModified":"2023-05-02","mainEntityOfPage":"https:\/\/www.febski.cz\/letni-detska-oslava-narozenin\/","author":{"@type":"Person","@id":"https:\/\/www.febski.cz\/author\/#Person","name":"","url":"https:\/\/www.febski.cz\/author\/","identifier":1,"image":{"@type":"ImageObject","@id":"https:\/\/secure.gravatar.com\/avatar\/9bbe1b3bd68cf5b616cc697a459b86e3be4df6c120806baf939f8aad94b0a3d6?s=96&d=mm&r=g","url":"https:\/\/secure.gravatar.com\/avatar\/9bbe1b3bd68cf5b616cc697a459b86e3be4df6c120806baf939f8aad94b0a3d6?s=96&d=mm&r=g","height":96,"width":96}},"publisher":{"@type":"Organization","name":"febski.cz","logo":{"@type":"ImageObject","@id":"\/logo.png","url":"\/logo.png","width":600,"height":60}},"image":{"@type":"ImageObject","@id":"https:\/\/www.febski.cz\/wp-content\/uploads\/holiday-1419770_640.jpg","url":"https:\/\/www.febski.cz\/wp-content\/uploads\/holiday-1419770_640.jpg","height":0,"width":0},"keywords":null},{"@type":"Article","@id":"https:\/\/www.febski.cz\/take-new-energy\/","headline":"Take new energy","url":"https:\/\/www.febski.cz\/take-new-energy\/","datePublished":"2022-03-24","dateModified":"2023-05-02","mainEntityOfPage":"https:\/\/www.febski.cz\/take-new-energy\/","author":{"@type":"Person","@id":"https:\/\/www.febski.cz\/author\/#Person","name":"","url":"https:\/\/www.febski.cz\/author\/","identifier":1,"image":{"@type":"ImageObject","@id":"https:\/\/secure.gravatar.com\/avatar\/9bbe1b3bd68cf5b616cc697a459b86e3be4df6c120806baf939f8aad94b0a3d6?s=96&d=mm&r=g","url":"https:\/\/secure.gravatar.com\/avatar\/9bbe1b3bd68cf5b616cc697a459b86e3be4df6c120806baf939f8aad94b0a3d6?s=96&d=mm&r=g","height":96,"width":96}},"publisher":{"@type":"Organization","name":"febski.cz","logo":{"@type":"ImageObject","@id":"\/logo.png","url":"\/logo.png","width":600,"height":60}},"image":{"@type":"ImageObject","@id":"https:\/\/www.febski.cz\/wp-content\/uploads\/manor-house-g6bde2b68a_640.jpg","url":"https:\/\/www.febski.cz\/wp-content\/uploads\/manor-house-g6bde2b68a_640.jpg","height":0,"width":0},"keywords":null},{"@type":"Article","@id":"https:\/\/www.febski.cz\/revize-elektriny-v-byte-je-dulezita\/","headline":"Revize elekt\u0159iny v byt\u011b je d\u016fle\u017eit\u00e1.","url":"https:\/\/www.febski.cz\/revize-elektriny-v-byte-je-dulezita\/","datePublished":"2022-02-08","dateModified":"2024-07-07","mainEntityOfPage":"https:\/\/www.febski.cz\/revize-elektriny-v-byte-je-dulezita\/","author":{"@type":"Person","@id":"https:\/\/www.febski.cz\/author\/#Person","name":"","url":"https:\/\/www.febski.cz\/author\/","identifier":1,"image":{"@type":"ImageObject","@id":"https:\/\/secure.gravatar.com\/avatar\/9bbe1b3bd68cf5b616cc697a459b86e3be4df6c120806baf939f8aad94b0a3d6?s=96&d=mm&r=g","url":"https:\/\/secure.gravatar.com\/avatar\/9bbe1b3bd68cf5b616cc697a459b86e3be4df6c120806baf939f8aad94b0a3d6?s=96&d=mm&r=g","height":96,"width":96}},"publisher":{"@type":"Organization","name":"febski.cz","logo":{"@type":"ImageObject","@id":"\/logo.png","url":"\/logo.png","width":600,"height":60}},"image":{"@type":"ImageObject","@id":"https:\/\/www.febski.cz\/wp-content\/uploads\/pexels-victor-freitas-973506.jpg","url":"https:\/\/www.febski.cz\/wp-content\/uploads\/pexels-victor-freitas-973506.jpg","height":0,"width":0},"keywords":null},{"@type":"Article","@id":"https:\/\/www.febski.cz\/nebojte-se-stehovani-tezkych-bremen\/","headline":"Nebojte se st\u011bhov\u00e1n\u00ed t\u011b\u017ek\u00fdch b\u0159emen","url":"https:\/\/www.febski.cz\/nebojte-se-stehovani-tezkych-bremen\/","datePublished":"2022-01-21","dateModified":"2023-05-02","mainEntityOfPage":"https:\/\/www.febski.cz\/nebojte-se-stehovani-tezkych-bremen\/","author":{"@type":"Person","@id":"https:\/\/www.febski.cz\/author\/#Person","name":"","url":"https:\/\/www.febski.cz\/author\/","identifier":1,"image":{"@type":"ImageObject","@id":"https:\/\/secure.gravatar.com\/avatar\/9bbe1b3bd68cf5b616cc697a459b86e3be4df6c120806baf939f8aad94b0a3d6?s=96&d=mm&r=g","url":"https:\/\/secure.gravatar.com\/avatar\/9bbe1b3bd68cf5b616cc697a459b86e3be4df6c120806baf939f8aad94b0a3d6?s=96&d=mm&r=g","height":96,"width":96}},"publisher":{"@type":"Organization","name":"febski.cz","logo":{"@type":"ImageObject","@id":"\/logo.png","url":"\/logo.png","width":600,"height":60}},"image":{"@type":"ImageObject","@id":"https:\/\/www.febski.cz\/wp-content\/uploads\/move-2481718_1920.jpg","url":"https:\/\/www.febski.cz\/wp-content\/uploads\/move-2481718_1920.jpg","height":0,"width":0},"keywords":null},{"@type":"Article","@id":"https:\/\/www.febski.cz\/jak-zjistit-ktery-je-nejblizsi-instalater-praha\/","headline":"Jak zjistit, kter\u00fd je nejbli\u017e\u0161\u00ed instalat\u00e9r Praha?","url":"https:\/\/www.febski.cz\/jak-zjistit-ktery-je-nejblizsi-instalater-praha\/","datePublished":"2021-04-12","dateModified":"2023-05-02","mainEntityOfPage":"https:\/\/www.febski.cz\/jak-zjistit-ktery-je-nejblizsi-instalater-praha\/","author":{"@type":"Person","@id":"https:\/\/www.febski.cz\/author\/#Person","name":"","url":"https:\/\/www.febski.cz\/author\/","identifier":1,"image":{"@type":"ImageObject","@id":"https:\/\/secure.gravatar.com\/avatar\/9bbe1b3bd68cf5b616cc697a459b86e3be4df6c120806baf939f8aad94b0a3d6?s=96&d=mm&r=g","url":"https:\/\/secure.gravatar.com\/avatar\/9bbe1b3bd68cf5b616cc697a459b86e3be4df6c120806baf939f8aad94b0a3d6?s=96&d=mm&r=g","height":96,"width":96}},"publisher":{"@type":"Organization","name":"febski.cz","logo":{"@type":"ImageObject","@id":"\/logo.png","url":"\/logo.png","width":600,"height":60}},"image":{"@type":"ImageObject","@id":"https:\/\/www.febski.cz\/wp-content\/uploads\/instalater1_10_10_6.jpg","url":"https:\/\/www.febski.cz\/wp-content\/uploads\/instalater1_10_10_6.jpg","height":0,"width":0},"keywords":null},{"@type":"Article","@id":"https:\/\/www.febski.cz\/bdsm-masaz\/","headline":"BDSM mas\u00e1\u017e","url":"https:\/\/www.febski.cz\/bdsm-masaz\/","datePublished":"2021-02-16","dateModified":"2023-05-02","mainEntityOfPage":"https:\/\/www.febski.cz\/bdsm-masaz\/","author":{"@type":"Person","@id":"https:\/\/www.febski.cz\/author\/#Person","name":"","url":"https:\/\/www.febski.cz\/author\/","identifier":1,"image":{"@type":"ImageObject","@id":"https:\/\/secure.gravatar.com\/avatar\/9bbe1b3bd68cf5b616cc697a459b86e3be4df6c120806baf939f8aad94b0a3d6?s=96&d=mm&r=g","url":"https:\/\/secure.gravatar.com\/avatar\/9bbe1b3bd68cf5b616cc697a459b86e3be4df6c120806baf939f8aad94b0a3d6?s=96&d=mm&r=g","height":96,"width":96}},"publisher":{"@type":"Organization","name":"febski.cz","logo":{"@type":"ImageObject","@id":"\/logo.png","url":"\/logo.png","width":600,"height":60}},"image":{"@type":"ImageObject","@id":"https:\/\/www.febski.cz\/wp-content\/uploads\/olej%20na%20mas%C3%A1%C5%BE.PNG","url":"https:\/\/www.febski.cz\/wp-content\/uploads\/olej%20na%20mas%C3%A1%C5%BE.PNG","height":0,"width":0},"keywords":null},{"@type":"Article","@id":"https:\/\/www.febski.cz\/dodavka-je-skvele-vozidlo-pro-prepravu\/","headline":"Dod\u00e1vka je skv\u011bl\u00e9 vozidlo pro p\u0159epravu","url":"https:\/\/www.febski.cz\/dodavka-je-skvele-vozidlo-pro-prepravu\/","datePublished":"2021-01-17","dateModified":"2024-04-22","mainEntityOfPage":"https:\/\/www.febski.cz\/dodavka-je-skvele-vozidlo-pro-prepravu\/","author":{"@type":"Person","@id":"https:\/\/www.febski.cz\/author\/#Person","name":"","url":"https:\/\/www.febski.cz\/author\/","identifier":1,"image":{"@type":"ImageObject","@id":"https:\/\/secure.gravatar.com\/avatar\/9bbe1b3bd68cf5b616cc697a459b86e3be4df6c120806baf939f8aad94b0a3d6?s=96&d=mm&r=g","url":"https:\/\/secure.gravatar.com\/avatar\/9bbe1b3bd68cf5b616cc697a459b86e3be4df6c120806baf939f8aad94b0a3d6?s=96&d=mm&r=g","height":96,"width":96}},"publisher":{"@type":"Organization","name":"febski.cz","logo":{"@type":"ImageObject","@id":"\/logo.png","url":"\/logo.png","width":600,"height":60}},"image":{"@type":"ImageObject","@id":"https:\/\/www.febski.cz\/wp-content\/uploads\/p%C5%99eprava%20po%20d%C3%A1lnici.jpg","url":"https:\/\/www.febski.cz\/wp-content\/uploads\/p%C5%99eprava%20po%20d%C3%A1lnici.jpg","height":0,"width":0},"keywords":null}]}