[{"@context":"https:\/\/schema.org\/","@type":"Article","@id":"https:\/\/www.febski.cz\/budete-mit-na-co-vzpominat\/#Article","mainEntityOfPage":"https:\/\/www.febski.cz\/budete-mit-na-co-vzpominat\/","headline":"Budete m\u00edt na co vzpom\u00ednat","name":"Budete m\u00edt na co vzpom\u00ednat","description":"Chorvatsko ubytov\u00e1n\u00ed Vyberte si u n\u00e1s ubytov\u00e1n\u00ed podle sv\u00e9ho gusta. V na\u0161\u00ed nab\u00eddce je velk\u00fd v\u00fdb\u011br, kde si Chorvatsko ubytov\u00e1n\u00ed rozhodn\u011b najdete. Z\u00e1le\u017e\u00ed jen na v\u00e1s, jestli to bude soukrom\u00fd apartm\u00e1n nebo ubytov\u00e1n\u00ed v soukrom\u00ed. Stejn\u011b tak si m\u016f\u017eete vybrat vzd\u00e1lenost od mo\u0159e. T\u011b\u0161\u00edme se na v\u00e1\u0161 z\u00e1jem. Jsme p\u0159esv\u011bd\u010deni, \u017ee s n\u00e1mi budete spokojeni. [&hellip;]","datePublished":"2025-02-22","dateModified":"2025-02-22","author":{"@type":"Person","@id":"https:\/\/www.febski.cz\/author\/#Person","name":"","url":"https:\/\/www.febski.cz\/author\/","identifier":1,"image":{"@type":"ImageObject","@id":"https:\/\/secure.gravatar.com\/avatar\/9bbe1b3bd68cf5b616cc697a459b86e3be4df6c120806baf939f8aad94b0a3d6?s=96&d=mm&r=g","url":"https:\/\/secure.gravatar.com\/avatar\/9bbe1b3bd68cf5b616cc697a459b86e3be4df6c120806baf939f8aad94b0a3d6?s=96&d=mm&r=g","height":96,"width":96}},"publisher":{"@type":"Organization","name":"febski.cz","logo":{"@type":"ImageObject","@id":"\/logo.png","url":"\/logo.png","width":600,"height":60}},"url":"https:\/\/www.febski.cz\/budete-mit-na-co-vzpominat\/","wordCount":169,"articleBody":" Chorvatsko ubytov\u00e1n\u00ed Vyberte si u n\u00e1s ubytov\u00e1n\u00ed podle sv\u00e9ho gusta. V na\u0161\u00ed nab\u00eddce je velk\u00fd v\u00fdb\u011br, kde si Chorvatsko ubytov\u00e1n\u00ed rozhodn\u011b najdete. Z\u00e1le\u017e\u00ed jen na v\u00e1s, jestli to bude soukrom\u00fd apartm\u00e1n nebo ubytov\u00e1n\u00ed v soukrom\u00ed. Stejn\u011b tak si m\u016f\u017eete vybrat vzd\u00e1lenost od mo\u0159e. T\u011b\u0161\u00edme se na v\u00e1\u0161 z\u00e1jem. Jsme p\u0159esv\u011bd\u010deni, \u017ee s n\u00e1mi budete spokojeni. Chorvatsko ubytov\u00e1n\u00ed  Ka\u017ed\u00fd m\u00e1 vkus jin\u00fd, proto ka\u017ed\u00e9mu bude vyhovovat jin\u00e9 Chorvatsko ubytov\u00e1n\u00ed. A kdy\u017e ne v Dalm\u00e1cii, tak t\u0159eba zkuste \u010cernou Horu. N\u011bkter\u00e1 st\u0159ediska jsou obl\u00edben\u011bj\u0161\u00ed, n\u011bkter\u00e1 si sv\u00e9 z\u00e1kazn\u00edky teprve hledaj\u00ed. A\u0165 u\u017e si vyberete cokoliv, r\u00e1di v\u00e1m vyhov\u00edme a spln\u00edme ka\u017ed\u00e9 va\u0161e p\u0159\u00e1n\u00ed. Skupina mlad\u00fdch Skupina mlad\u00fdch lid\u00ed bude jist\u011b vyhled\u00e1vat takov\u00e9 Chorvatsko ubytov\u00e1n\u00ed, kter\u00e9 jim nab\u00eddne mnoho z\u00e1\u017eitk\u016f a no\u010dn\u00ed \u017eivot.                                                                                                                                                                                                                                                                                                                                                                                                "},{"@context":"https:\/\/schema.org\/","@type":"BreadcrumbList","itemListElement":[{"@type":"ListItem","position":1,"name":"Budete m\u00edt na co vzpom\u00ednat","item":"https:\/\/www.febski.cz\/budete-mit-na-co-vzpominat\/#breadcrumbitem"}]}]